{"id":11652,"date":"2021-02-17T09:30:00","date_gmt":"2021-02-17T12:30:00","guid":{"rendered":"https:\/\/blog.mago.com.br\/?p=11652"},"modified":"2025-11-25T12:45:46","modified_gmt":"2025-11-25T15:45:46","slug":"torta-de-frutas-vermelhas","status":"publish","type":"post","link":"https:\/\/www.mago.com.br\/blog\/torta-de-frutas-vermelhas\/","title":{"rendered":"Torta de frutas vermelhas"},"content":{"rendered":"\n<hr class=\"wp-block-separator has-text-color has-background-color has-alpha-channel-opacity has-background-background-color has-background is-style-wide\"\/>\n\n\n\n<div class=\"wp-block-columns is-layout-flex wp-container-core-columns-is-layout-9d6595d7 wp-block-columns-is-layout-flex\">\n<div class=\"wp-block-column is-layout-flow wp-block-column-is-layout-flow\" style=\"flex-basis:10%\"><\/div>\n\n\n\n<div class=\"wp-block-column is-layout-flow wp-block-column-is-layout-flow\" style=\"flex-basis:80%\">\n<h1 class=\"wp-block-heading has-huge-font-size\"><strong>Ingredientes:<\/strong><\/h1>\n\n\n\n<style>label {text-decoration: none;}input[type=\"checkbox\"]:checked + label {text-decoration: line-through;}<\/style>\n<p><input type=\"checkbox\" id=\"minhaCheckbox\"><label for=\"minhaCheckbox\"> 250g de maisena triturada<\/label><\/p>\n<p><input type=\"checkbox\" id=\"minhaCheckbox\"><label for=\"minhaCheckbox\"> 100g de manteiga derretida<\/label><\/p>\n\n\n\n<p>Recheio&nbsp;&nbsp;<\/p>\n\n\n\n<style>label {text-decoration: none;}input[type=\"checkbox\"]:checked + label {text-decoration: line-through;}<\/style>\n<p><input type=\"checkbox\" id=\"minhaCheckbox\"><label for=\"minhaCheckbox\"> 200g de\u00a0de\u00a0leite condensado<\/label><\/p>\n<p><input type=\"checkbox\" id=\"minhaCheckbox\"><label for=\"minhaCheckbox\"> 100g creme de leite<\/label><\/p>\n<p><input type=\"checkbox\" id=\"minhaCheckbox\"><label for=\"minhaCheckbox\"> 20g de p\u00f3 de suco sabor morando<\/label><\/p>\n<p><input type=\"checkbox\" id=\"minhaCheckbox\"><label for=\"minhaCheckbox\"> 1 colher de sopa de pasta\u00a0saborizante\u00a0de frutas vermelhas<\/label><\/p>\n<p><input type=\"checkbox\" id=\"minhaCheckbox\"><label for=\"minhaCheckbox\"> 250ml de chantilly batido<\/label><\/p>\n\n\n\n<h1 class=\"wp-block-heading has-huge-font-size\"><strong>Como preparar:<\/strong><\/h1>\n\n\n\n<p>&#8211; Derreta a manteiga junte com a bolacha maisena para umedecer.<br>&#8211; Em seguida monte essa base de bolacha em uma assadeira ou aro, e leve para assar cerca de 10 minutos, espere esfriar para utilizar essa base .<br>&#8211; Para o recheio misture bem o leite condensado, o creme de leite, p suco em p\u00f3 de morango e a pasta saborizante at\u00e9 obter consist\u00eancia mais firme.<br>&#8211; Acrescente o chantilly j\u00e1 batido leve para geladeira por 15 minutos para resfriar e ficar mais consistente.<br>&#8211; Recheie a base que foi feita com a bolacha triturada.<\/p>\n\n\n\n<p>Assista o v\u00eddeo completo!<br><\/p>\n\n\n\n<figure class=\"wp-block-embed is-type-video is-provider-youtube wp-block-embed-youtube wp-embed-aspect-16-9 wp-has-aspect-ratio\"><div class=\"wp-block-embed__wrapper\">\n<iframe loading=\"lazy\" title=\"Torta de frutas vermelhas\" width=\"750\" height=\"422\" src=\"https:\/\/www.youtube.com\/embed\/edJNjt3uaDo?feature=oembed\" frameborder=\"0\" allow=\"accelerometer; autoplay; clipboard-write; encrypted-media; gyroscope; picture-in-picture; web-share\" allowfullscreen><\/iframe>\n<\/div><\/figure>\n<\/div>\n\n\n\n<div class=\"wp-block-column is-layout-flow wp-block-column-is-layout-flow\" style=\"flex-basis:10%\"><\/div>\n<\/div>\n\n\n\n<hr class=\"wp-block-separator has-text-color has-background-color has-alpha-channel-opacity has-background-background-color has-background is-style-wide\"\/>\n","protected":false},"excerpt":{"rendered":"<p>Ingredientes: 250g de maisena triturada 100g de manteiga derretida Recheio&nbsp;&nbsp; 200g de\u00a0de\u00a0leite condensado 100g creme de leite 20g de p\u00f3 de suco sabor morando 1 colher de sopa de pasta\u00a0saborizante\u00a0de frutas vermelhas 250ml de chantilly batido Como preparar: &#8211; Derreta a manteiga junte com a bolacha maisena para umedecer.&#8211; Em seguida monte essa base de&hellip; <a class=\"more-link\" href=\"https:\/\/www.mago.com.br\/blog\/torta-de-frutas-vermelhas\/\">Continue reading <span class=\"screen-reader-text\">Torta de frutas vermelhas<\/span><\/a><\/p>\n","protected":false},"author":1,"featured_media":15161,"comment_status":"open","ping_status":"open","sticky":false,"template":"","format":"standard","meta":{"_acf_changed":false,"footnotes":""},"categories":[1,86],"tags":[],"class_list":["post-11652","post","type-post","status-publish","format-standard","has-post-thumbnail","hentry","category-receitas","category-tortas","entry"],"acf":[],"_links":{"self":[{"href":"https:\/\/www.mago.com.br\/blog\/wp-json\/wp\/v2\/posts\/11652","targetHints":{"allow":["GET"]}}],"collection":[{"href":"https:\/\/www.mago.com.br\/blog\/wp-json\/wp\/v2\/posts"}],"about":[{"href":"https:\/\/www.mago.com.br\/blog\/wp-json\/wp\/v2\/types\/post"}],"author":[{"embeddable":true,"href":"https:\/\/www.mago.com.br\/blog\/wp-json\/wp\/v2\/users\/1"}],"replies":[{"embeddable":true,"href":"https:\/\/www.mago.com.br\/blog\/wp-json\/wp\/v2\/comments?post=11652"}],"version-history":[{"count":3,"href":"https:\/\/www.mago.com.br\/blog\/wp-json\/wp\/v2\/posts\/11652\/revisions"}],"predecessor-version":[{"id":15167,"href":"https:\/\/www.mago.com.br\/blog\/wp-json\/wp\/v2\/posts\/11652\/revisions\/15167"}],"wp:featuredmedia":[{"embeddable":true,"href":"https:\/\/www.mago.com.br\/blog\/wp-json\/wp\/v2\/media\/15161"}],"wp:attachment":[{"href":"https:\/\/www.mago.com.br\/blog\/wp-json\/wp\/v2\/media?parent=11652"}],"wp:term":[{"taxonomy":"category","embeddable":true,"href":"https:\/\/www.mago.com.br\/blog\/wp-json\/wp\/v2\/categories?post=11652"},{"taxonomy":"post_tag","embeddable":true,"href":"https:\/\/www.mago.com.br\/blog\/wp-json\/wp\/v2\/tags?post=11652"}],"curies":[{"name":"wp","href":"https:\/\/api.w.org\/{rel}","templated":true}]}}