{"id":12440,"date":"2023-06-01T10:00:00","date_gmt":"2023-06-01T13:00:00","guid":{"rendered":"https:\/\/blog.mago.com.br\/?p=12440"},"modified":"2023-05-24T11:01:20","modified_gmt":"2023-05-24T14:01:20","slug":"doces-de-festa-junina-saiba-o-que-vender-nessa-epoca-do-ano","status":"publish","type":"post","link":"https:\/\/www.mago.com.br\/blog\/doces-de-festa-junina-saiba-o-que-vender-nessa-epoca-do-ano\/","title":{"rendered":"DOCES DE FESTA JUNINA: SAIBA O QUE VENDER NESSA \u00c9POCA DO ANO"},"content":{"rendered":"\n<p>Passada a P\u00e1scoa, toda confeiteira tem uma coisa s\u00f3 na cabe\u00e7a: festa junina. \u00c9 nessa \u00e9poca do ano que todas as receitas deliciosas de\u00a0ovos de p\u00e1scoa\u00a0e docinhos de chocolate saem de cena e abrem espa\u00e7o para um novo card\u00e1pio igualmente delicioso.<\/p>\n\n\n\n<p>Voc\u00ea consegue lembrar todos os pratos doces t\u00edpicos dessa \u00e9poca do ano? A maioria deles \u00e9 feito com milho e amendoim, mas a verdade \u00e9 que d\u00e1 para oferecer doces tradicionais e tamb\u00e9m receitas inovadoras para fazer sucesso entre a sua clientela.<\/p>\n\n\n\n<p>Pensando nisso, preparamos um guia completo com doces de festa junina para voc\u00ea fazer e aumentar suas <a href=\"https:\/\/blog.mago.com.br\/descubra-a-importancia-dos-indicadores-de-vendas-para-o-seu-negocio\/\">vendas<\/a>. Leia este artigo at\u00e9 o final e aprenda!<\/p>\n\n\n\n<h2 class=\"wp-block-heading\">Bolo de fub\u00e1 cremoso, um dos mais tradicionais<\/h2>\n\n\n\n<p>O bolo de fub\u00e1 cremoso \u00e9 um doce bastante tradicional, principalmente em Minas Gerais, onde \u00e9 servido o ano todo. Mas esse \u00e9 um dos mais pedidos doces de festa junina tamb\u00e9m.<\/p>\n\n\n\n<p>Uma boa dica para trazer algo a mais para o seu bolo \u00e9 colocar erva-doce na receita. Ela traz uma nova nuance de sabor e at\u00e9 pequenas surpresas quando encontramos as sementinhas em cada garfada.<\/p>\n\n\n\n<h2 class=\"wp-block-heading\">Curau, o doce de milho em toda a sua gl\u00f3ria<\/h2>\n\n\n\n<figure class=\"wp-block-image\"><a href=\"https:\/\/i0.wp.com\/blogchefcenter.com.br\/wp-content\/uploads\/2018\/05\/doce-festa-junina.png?ssl=1\"><img decoding=\"async\" src=\"https:\/\/i0.wp.com\/blogchefcenter.com.br\/wp-content\/uploads\/2018\/05\/doce-festa-junina.png?resize=300%2C197&amp;ssl=1\" alt=\"\" class=\"wp-image-4705\"\/><\/a><\/figure>\n\n\n\n<p>Se existe um doce que n\u00e3o pode faltar nas festas juninas, \u00e9 o curau de milho. Ele \u00e9 algo entre um pudim e uma&nbsp;<em>mousse<\/em>, por isso \u00e9 servido em potinhos individuais e comido com a colher.<\/p>\n\n\n\n<p>Ele feito com milho, leite, a\u00e7\u00facar e um toque de canela em p\u00f3 como uma cobertura que traz um sabor inigual\u00e1vel. Perfeito para a festa junina, o curau \u00e9 a representa\u00e7\u00e3o dos doces dessa \u00e9poca do ano.<\/p>\n\n\n\n<h2 class=\"wp-block-heading\">Pa\u00e7oquinha de colher, o brigadeiro junino<\/h2>\n\n\n\n<figure class=\"wp-block-image\"><a href=\"https:\/\/i0.wp.com\/blogchefcenter.com.br\/wp-content\/uploads\/2018\/05\/pacoquinha-colher.png?ssl=1\"><img decoding=\"async\" src=\"https:\/\/i0.wp.com\/blogchefcenter.com.br\/wp-content\/uploads\/2018\/05\/pacoquinha-colher.png?resize=296%2C300&amp;ssl=1\" alt=\"\" class=\"wp-image-4706\"\/><\/a><\/figure>\n\n\n\n<p>A <a href=\"https:\/\/blog.mago.com.br\/doces-faceis-de-fazer\/\">pa\u00e7oquinha<\/a> tamb\u00e9m \u00e9 um cl\u00e1ssico entre os doces de festa junina. Feito basicamente de amendoim e a\u00e7\u00facar, ela \u00e9 mais conhecida pela forma industrializada, em cubos ou pequenos cilindros. Mas voc\u00ea j\u00e1 pensou em servir pa\u00e7oquinha de colher?<\/p>\n\n\n\n<p>Ela \u00e9 preparada exatamente igual a um\u00a0brigadeiro, basta substituir o chocolate em p\u00f3 pela pa\u00e7oca triturada. Se quiser que ela fique ainda mais cremosa, e para quebrar um pouco o sabor doce, vale misturar o leite condensado com um pouco de creme de leite.<\/p>\n\n\n\n<h2 class=\"wp-block-heading\">Cocada cremosa, o destaque de toda mesa junina<\/h2>\n\n\n\n<figure class=\"wp-block-image\"><a href=\"https:\/\/i0.wp.com\/blogchefcenter.com.br\/wp-content\/uploads\/2018\/05\/cocada-cremosa.png?ssl=1\"><img decoding=\"async\" src=\"https:\/\/i0.wp.com\/blogchefcenter.com.br\/wp-content\/uploads\/2018\/05\/cocada-cremosa.png?resize=300%2C196&amp;ssl=1\" alt=\"\" class=\"wp-image-4703\"\/><\/a><\/figure>\n\n\n\n<p>A cocada n\u00e3o pode faltar entre os doces de festa junina. Ela pode ser preparada da mesma forma que a pa\u00e7oquinha cremosa, como em uma receita de brigadeiro. Sirva em por\u00e7\u00f5es individuais, em pequenos copinhos acompanhados de uma colher. Esse certamente \u00e9 daqueles doces que n\u00e3o conseguimos parar de comer.<\/p>\n\n\n\n<h2 class=\"wp-block-heading\">Doce de leite, o rei dos doces de festa junina<\/h2>\n\n\n\n<p>Se voc\u00ea tivesse que escolher apenas um entre os doces de festa junina, ele teria que ser o doce de leite. Cremoso ou em peda\u00e7os, ele \u00e9 o rei da festa e um dos preferidos das pessoas. Para aumentar o clima junino, adicione alguns elementos \u00e0\u00a0embalagem, como\u00a0bandeirolas\u00a0ou a tradicional palha de milho.<\/p>\n\n\n\n<p>Os doces de festa junina s\u00e3o aqueles que esperamos o ano todo para degustar. Como confeiteira, \u00e9 um privil\u00e9gio poder proporcionar aos seus clientes as maravilhas de todos esses sabores.<\/p>\n\n\n\n<p>Se voc\u00ea quer inovar ainda mais nessa \u00e9poca festiva, que tal experimentar\u00a0sabores novos e t\u00edpicos de <a href=\"https:\/\/blog.mago.com.br\/formas-de-cupcake-confira-os-principais-tipos-e-como-usar\/\">cupcakes<\/a>?<\/p>\n","protected":false},"excerpt":{"rendered":"<p>Passada a P\u00e1scoa, toda confeiteira tem uma coisa s\u00f3 na cabe\u00e7a: festa junina. \u00c9 nessa \u00e9poca do ano que todas as receitas deliciosas de\u00a0ovos de p\u00e1scoa\u00a0e docinhos de chocolate saem de cena e abrem espa\u00e7o para um novo card\u00e1pio igualmente delicioso. Voc\u00ea consegue lembrar todos os pratos doces t\u00edpicos dessa \u00e9poca do ano? A maioria&hellip; <a class=\"more-link\" href=\"https:\/\/www.mago.com.br\/blog\/doces-de-festa-junina-saiba-o-que-vender-nessa-epoca-do-ano\/\">Continue reading <span class=\"screen-reader-text\">DOCES DE FESTA JUNINA: SAIBA O QUE VENDER NESSA \u00c9POCA DO ANO<\/span><\/a><\/p>\n","protected":false},"author":1,"featured_media":12441,"comment_status":"open","ping_status":"open","sticky":false,"template":"","format":"standard","meta":{"_acf_changed":false,"footnotes":""},"categories":[14],"tags":[],"class_list":["post-12440","post","type-post","status-publish","format-standard","has-post-thumbnail","hentry","category-sazonal","entry"],"acf":[],"_links":{"self":[{"href":"https:\/\/www.mago.com.br\/blog\/wp-json\/wp\/v2\/posts\/12440","targetHints":{"allow":["GET"]}}],"collection":[{"href":"https:\/\/www.mago.com.br\/blog\/wp-json\/wp\/v2\/posts"}],"about":[{"href":"https:\/\/www.mago.com.br\/blog\/wp-json\/wp\/v2\/types\/post"}],"author":[{"embeddable":true,"href":"https:\/\/www.mago.com.br\/blog\/wp-json\/wp\/v2\/users\/1"}],"replies":[{"embeddable":true,"href":"https:\/\/www.mago.com.br\/blog\/wp-json\/wp\/v2\/comments?post=12440"}],"version-history":[{"count":1,"href":"https:\/\/www.mago.com.br\/blog\/wp-json\/wp\/v2\/posts\/12440\/revisions"}],"predecessor-version":[{"id":12442,"href":"https:\/\/www.mago.com.br\/blog\/wp-json\/wp\/v2\/posts\/12440\/revisions\/12442"}],"wp:featuredmedia":[{"embeddable":true,"href":"https:\/\/www.mago.com.br\/blog\/wp-json\/wp\/v2\/media\/12441"}],"wp:attachment":[{"href":"https:\/\/www.mago.com.br\/blog\/wp-json\/wp\/v2\/media?parent=12440"}],"wp:term":[{"taxonomy":"category","embeddable":true,"href":"https:\/\/www.mago.com.br\/blog\/wp-json\/wp\/v2\/categories?post=12440"},{"taxonomy":"post_tag","embeddable":true,"href":"https:\/\/www.mago.com.br\/blog\/wp-json\/wp\/v2\/tags?post=12440"}],"curies":[{"name":"wp","href":"https:\/\/api.w.org\/{rel}","templated":true}]}}