{"id":12608,"date":"2023-08-11T10:00:01","date_gmt":"2023-08-11T13:00:01","guid":{"rendered":"https:\/\/blog.mago.com.br\/?p=12608"},"modified":"2023-10-05T10:22:12","modified_gmt":"2023-10-05T13:22:12","slug":"dia-dos-pais-celebrando-e-confeitando-com-seu-pai","status":"publish","type":"post","link":"https:\/\/www.mago.com.br\/blog\/dia-dos-pais-celebrando-e-confeitando-com-seu-pai\/","title":{"rendered":"Dia dos Pais: Celebrando e Confeitando com seu Pai!"},"content":{"rendered":"\n<p>O Dia dos Pais \u00e9 uma data especial em que homenageamos aquele que nos proporcionou amor, carinho, orienta\u00e7\u00e3o e tantos momentos inesquec\u00edveis ao longo da vida. Neste dia, \u00e9 hora de demonstrar todo o nosso afeto e gratid\u00e3o ao homem que desenha um sorriso em nossos rostos com sua presen\u00e7a e apoio constantes. E que tal celebrar essa data especial de uma maneira doce e deliciosa? Neste artigo, compartilharemos algumas ideias maravilhosas para celebrar o Dia dos Pais e fazer dele um momento ainda mais especial, confeitando ao lado do seu pai!<\/p>\n\n\n\n<ol class=\"wp-block-list\">\n<li>Preparativos para o Dia dos Pais: Comece o dia preparando uma surpresa matinal para o seu pai! Prepare um caf\u00e9 da manh\u00e3 especial com suas comidas favoritas. Seja um caf\u00e9 completo com ovos, bacon, torradas e frutas, ou uma sele\u00e7\u00e3o de croissants e p\u00e3ezinhos frescos. Acrescente um belo cart\u00e3o de Dia dos Pais, escrito \u00e0 m\u00e3o com palavras carinhosas, para come\u00e7ar o dia com emo\u00e7\u00e3o.<\/li>\n\n\n\n<li>Escolhendo a Receita Perfeita: Seu pai tem uma sobremesa favorita? Talvez um bolo, torta ou cupcakes? Descubra o que ele mais gosta e escolha uma receita para preparar juntos. \u00c9 uma \u00f3tima oportunidade para passar tempo de qualidade na cozinha, compartilhar hist\u00f3rias e criar lembran\u00e7as doces.<\/li>\n\n\n\n<li>Aventura Culin\u00e1ria: Mesmo que voc\u00ea e seu pai n\u00e3o sejam experts em <a href=\"https:\/\/blog.mago.com.br\/confeitaria\">confeitaria<\/a>, n\u00e3o se preocupe! A ideia \u00e9 se divertirem juntos na cozinha, mesmo que os resultados n\u00e3o sejam perfeitos. Rir dos pequenos desastres culin\u00e1rios e aprender juntos \u00e9 uma parte importante da experi\u00eancia.<\/li>\n\n\n\n<li>Decora\u00e7\u00e3o Personalizada: D\u00ea um toque especial \u00e0 sobremesa que prepararam juntos, adicionando uma <a href=\"https:\/\/blog.mago.com.br\/aprenda-ja-a-fazer-a-decoracao-de-um-bolo-de-casamento\/\">decora\u00e7\u00e3o<\/a> personalizada para o Dia dos Pais. Utilize glac\u00ea colorido para escrever uma mensagem carinhosa, ou use confeitos e frutas para criar desenhos que reflitam a personalidade do seu pai.<\/li>\n\n\n\n<li>Compartilhando o Resultado: Depois de todo o esfor\u00e7o culin\u00e1rio, chegou a hora mais gostosa: provar o resultado! Sentem-se \u00e0 mesa, apreciem a sobremesa que criaram juntos e conversem sobre como foi a experi\u00eancia. Aproveitem esse momento para se conectarem e expressarem o quanto voc\u00eas se importam um com o outro.<\/li>\n\n\n\n<li>Presente com Cora\u00e7\u00e3o: Al\u00e9m da deliciosa sobremesa, considere dar ao seu pai um <a href=\"https:\/\/loja.mago.com.br\/presentes\/\">presente<\/a> que o emocione. Pode ser algo relacionado aos hobbies e interesses dele ou algo que ele sempre desejou. Lembre-se de que o mais importante \u00e9 a demonstra\u00e7\u00e3o de amor e gratid\u00e3o.<\/li>\n<\/ol>\n\n\n\n<p>O Dia dos Pais \u00e9 um momento especial para fortalecer os la\u00e7os familiares e criar mem\u00f3rias doces e duradouras. Celebrar e confeitar ao lado do seu pai \u00e9 uma forma \u00fanica de expressar seu amor e apre\u00e7o por tudo o que ele representa em sua vida. Portanto, dedique esse dia para demonstrar o quanto ele \u00e9 amado e valorizado, e divirtam-se na <a href=\"https:\/\/blog.mago.com.br\/10-utensilios-de-confeitaria-indispensaveis-na-sua-cozinha\/\">cozinha<\/a> enquanto compartilham esse momento especial juntos. Feliz Dia dos Pais!<\/p>\n","protected":false},"excerpt":{"rendered":"<p>O Dia dos Pais \u00e9 uma data especial em que homenageamos aquele que nos proporcionou amor, carinho, orienta\u00e7\u00e3o e tantos momentos inesquec\u00edveis ao longo da vida. Neste dia, \u00e9 hora de demonstrar todo o nosso afeto e gratid\u00e3o ao homem que desenha um sorriso em nossos rostos com sua presen\u00e7a e apoio constantes. E que&hellip; <a class=\"more-link\" href=\"https:\/\/www.mago.com.br\/blog\/dia-dos-pais-celebrando-e-confeitando-com-seu-pai\/\">Continue reading <span class=\"screen-reader-text\">Dia dos Pais: Celebrando e Confeitando com seu Pai!<\/span><\/a><\/p>\n","protected":false},"author":1,"featured_media":12686,"comment_status":"open","ping_status":"open","sticky":false,"template":"","format":"standard","meta":{"_acf_changed":false,"footnotes":""},"categories":[14],"tags":[],"class_list":["post-12608","post","type-post","status-publish","format-standard","has-post-thumbnail","hentry","category-sazonal","entry"],"acf":[],"_links":{"self":[{"href":"https:\/\/www.mago.com.br\/blog\/wp-json\/wp\/v2\/posts\/12608","targetHints":{"allow":["GET"]}}],"collection":[{"href":"https:\/\/www.mago.com.br\/blog\/wp-json\/wp\/v2\/posts"}],"about":[{"href":"https:\/\/www.mago.com.br\/blog\/wp-json\/wp\/v2\/types\/post"}],"author":[{"embeddable":true,"href":"https:\/\/www.mago.com.br\/blog\/wp-json\/wp\/v2\/users\/1"}],"replies":[{"embeddable":true,"href":"https:\/\/www.mago.com.br\/blog\/wp-json\/wp\/v2\/comments?post=12608"}],"version-history":[{"count":2,"href":"https:\/\/www.mago.com.br\/blog\/wp-json\/wp\/v2\/posts\/12608\/revisions"}],"predecessor-version":[{"id":12688,"href":"https:\/\/www.mago.com.br\/blog\/wp-json\/wp\/v2\/posts\/12608\/revisions\/12688"}],"wp:featuredmedia":[{"embeddable":true,"href":"https:\/\/www.mago.com.br\/blog\/wp-json\/wp\/v2\/media\/12686"}],"wp:attachment":[{"href":"https:\/\/www.mago.com.br\/blog\/wp-json\/wp\/v2\/media?parent=12608"}],"wp:term":[{"taxonomy":"category","embeddable":true,"href":"https:\/\/www.mago.com.br\/blog\/wp-json\/wp\/v2\/categories?post=12608"},{"taxonomy":"post_tag","embeddable":true,"href":"https:\/\/www.mago.com.br\/blog\/wp-json\/wp\/v2\/tags?post=12608"}],"curies":[{"name":"wp","href":"https:\/\/api.w.org\/{rel}","templated":true}]}}