{"id":7528,"date":"2020-03-13T12:30:08","date_gmt":"2020-03-13T15:30:08","guid":{"rendered":"https:\/\/www.mago.com.br\/blog\/datas-comemorativas.html"},"modified":"2022-02-21T11:53:48","modified_gmt":"2022-02-21T14:53:48","slug":"datas-comemorativas","status":"publish","type":"post","link":"https:\/\/www.mago.com.br\/blog\/datas-comemorativas\/","title":{"rendered":"Datas comemorativas: como aproveitar esses per\u00edodos para aumentar as vendas?"},"content":{"rendered":"\n<p class=\"has-link-color wp-elements-fdd708f8bbd4df31d64da3428ce323f4\">Voc\u00ea sabia que o impulso emocional \u00e9 o principal fator decis\u00f3rio das compras de um consumidor? Aproveitando isso, a melhor \u00e9poca para vender \u00e9 nas <strong>datas comemorativas<\/strong>.<\/p>\n\n\n\n<p class=\"has-link-color wp-elements-ddc50e368ba6ccccd99a2c57ff7363b7\">Ent\u00e3o, que tal aproveitar esse momento para alavancar as suas vendas e criar momentos m\u00e1gicos para os seus clientes? Para isso, voc\u00ea precisar\u00e1 de um bom planejamento e <strong>tra\u00e7ar estrat\u00e9gias de marketing<\/strong> para obter o sucesso desejado nessas datas especiais.<\/p>\n\n\n\n<p class=\"has-link-color wp-elements-011b0667657aa55a9ddb9684642f80b9\">Quer ficar por dentro de como criar<strong> <a href=\"https:\/\/blog.mago.com.br\/guia-da-confeitaria\/\">produtos<\/a><\/strong> ou, at\u00e9 mesmo, um card\u00e1pio espec\u00edfico para cada uma das datas comemorativas? Continue a leitura que contaremos tudo!<\/p>\n\n\n\n<h3 class=\"wp-block-heading\" id=\"pascoa\"><strong>P\u00e1scoa<\/strong><\/h3>\n\n\n\n<p class=\"has-link-color wp-elements-cb7b775bec31efaceac7484ba5f1e03b\">Essa, sem d\u00favida, \u00e9 a <strong>data mais lucrativa do ano<\/strong> para os confeiteiros. Use e abuse de sua criatividade! Fa\u00e7a ovos de P\u00e1scoa, chocolates, doces tem\u00e1ticos e personalizados.<\/p>\n\n\n\n<p class=\"has-link-color wp-elements-3c6db4ae6a07db0058e5defa75ed4483\">Aproveite para <strong>cobrar um pouco mais pelo servi\u00e7o personalizado<\/strong> e com um pre\u00e7o mais alto o lucro certamente ser\u00e1 maior. Afinal, o consumidor n\u00e3o se importar\u00e1 de pagar um pouco mais pelas novidades.<\/p>\n\n\n\n<p class=\"has-link-color wp-elements-994e89e4e6a4c9c12c0bba56547f3156\">Para atender ao p\u00fablico que deseja presentear algu\u00e9m, invista nas <strong>cestas de P\u00e1scoa<\/strong>. Inclua, al\u00e9m de chocolates, algum mimo como uma caneca ou um coelhinho de pel\u00facia.<\/p>\n\n\n\n<h2 class=\"wp-block-heading\" id=\"dia-das-maes\"><strong>Dia das M\u00e3es<\/strong><\/h2>\n\n\n\n<p class=\"has-link-color wp-elements-31b532fa054a94d362b2736b6a9911b9\">Uma grande ideia para esse dia, \u00e9 aproveitar as reuni\u00f5es em fam\u00edlia e <strong>oferecer kits<\/strong> para os clientes levarem para a sobremesa do almo\u00e7o do Dia das M\u00e3es.<\/p>\n\n\n\n<p class=\"has-link-color wp-elements-18ed2355b82de427bb2169f2bf30636d\">Invista tamb\u00e9m em doces com embalagens e etiquetas personalizadas. Uma embalagem bem caprichada enche os olhos de qualquer m\u00e3e, al\u00e9m de ser um an\u00fancio de um presente muito especial.<\/p>\n\n\n\n<h2 class=\"wp-block-heading\" id=\"dia-dos-namorados\"><strong>Dia dos Namorados <\/strong><\/h2>\n\n\n\n<p class=\"has-link-color wp-elements-66944072029423257a276f4e1f022d70\">O dia dos namorados tamb\u00e9m \u00e9 uma <strong>\u00f3tima data para apostar nas vendas<\/strong> e arrasar nos resultados! Crie kits e cestas tem\u00e1ticas e inclua neles itens como: espumante ou vinho, bichinhos de pel\u00facia, cora\u00e7\u00f5es e chocolates, pois esses s\u00e3o produtos que costumam fazer sucesso nessa data.<\/p>\n\n\n\n<p class=\"has-link-color wp-elements-2190b932059b64c36b03cdae2a9db47f\">Sem d\u00favida essa \u00e9 uma das datas comemorativas mais importantes do ano, e por essa raz\u00e3o vale a pena se preparar e se planejar para faturar alto nesse per\u00edodo.<\/p>\n\n\n\n<h2 class=\"wp-block-heading\" id=\"festa-junina\"><strong>Festa junina<\/strong><\/h2>\n\n\n\n<p class=\"has-link-color wp-elements-a5685fafac6685ba15c158e572ad9461\">Invista em <strong>adapta\u00e7\u00f5es tem\u00e1ticas nessa \u00e9poca do ano<\/strong>. Aproveite as festas juninas para explorar essa data comemorativa em benef\u00edcio do seu neg\u00f3cio.<\/p>\n\n\n\n<p class=\"has-link-color wp-elements-54fd8cae558f7608d8ae2d385773ee58\">Os <strong>brigadeiros de milho e de pa\u00e7oca, <\/strong>por exemplo, s\u00e3o um verdadeiro sucesso de vendas, isso sem falar nos doces t\u00edpicos das festas juninas como canjica, curau de milho, cocada branca entre outras del\u00edcias.<\/p>\n\n\n\n<h2 class=\"wp-block-heading\" id=\"dia-das-criancas\"><strong>Dia das Crian\u00e7as<\/strong><\/h2>\n\n\n\n<p class=\"has-link-color wp-elements-03fb884132dd082e97dcfc9ba8cbafaa\">Aproveite esse dia para incrementar as embalagens e deix\u00e1-las bem atrativas e enfeitadas para as crian\u00e7as simplesmente n\u00e3o resistirem.<\/p>\n\n\n\n<p class=\"has-link-color wp-elements-2c0f16e75c6ccfec9b2807bd1551ebb0\">Outra dica, \u00e9 aproveitar para <strong>fazer parcerias com escolas<\/strong> para fornecer aos alunos, lembrancinhas montadas especialmente para essa data. E n\u00e3o esque\u00e7a de incluir nos kits, pequenos brinquedinhos, j\u00e1 que surpreender \u00e9 algo que sempre faz sucesso.<\/p>\n\n\n\n<h2 class=\"wp-block-heading\" id=\"natal\"><strong>Natal<\/strong><\/h2>\n\n\n\n<p class=\"has-link-color wp-elements-756ed1f24a4abfd4518ec46969b155b5\">O Natal \u00e9, talvez, <strong>a mais importante das datas comemorativas<\/strong> j\u00e1 que nesse per\u00edodo especial as fam\u00edlias se re\u00fanem para confraternizar e trocar presentes. Para a data, aposte nos <strong><a href=\"https:\/\/blog.mago.com.br\/como-fazer-panetone-trufado\/\">panetones trufados<\/a><\/strong>, chocotones, kits tem\u00e1ticos com pre\u00e7os variados para atender a todos os gostos.<\/p>\n\n\n\n<p class=\"has-link-color wp-elements-869878d260cc2de5aa86c495fa26e9d1\">Outra sugest\u00e3o \u00e9 usar nos brigadeiros, granulados com as cores do Natal, assim eles ficam mais charmosos e podem ser usados para decorar a mesa da ceia.<\/p>\n\n\n\n<p class=\"has-link-color wp-elements-dff8a4b5cd47beae9278239fbe94afe3\">Agora que voc\u00ea j\u00e1 est\u00e1 por dentro de algumas ideias para aproveitar bem as <strong>datas comemorativas<\/strong>, \u00e9 importante saber como fazer um <strong>bom planejamento<\/strong> para obter o sucesso nas vendas!<\/p>\n\n\n\n<p class=\"has-link-color wp-elements-52a0bc48eef65bd2c9f4f0313bbec2b6\"><strong>\u00c9 fundamental fazer uma boa divulga\u00e7\u00e3o e com anteced\u00eancia suficiente para atrair os clientes at\u00e9 voc\u00ea<\/strong>.<\/p>\n\n\n\n<p class=\"has-link-color wp-elements-3afd8cc4779edfbea0c06f3f45efb1e1\">Aposte nas<strong> <a href=\"https:\/\/blog.mago.com.br\/vender-no-instagram\/\">redes sociais<\/a><\/strong>, <em>flyers<\/em>, cart\u00f5es de visita e <strong>d\u00ea pequenas degusta\u00e7\u00f5es<\/strong> para os clientes mais pr\u00f3ximos, a fim de agu\u00e7ar seus paladares.<\/p>\n\n\n\n<p class=\"has-link-color wp-elements-ec288ffc141760804684cf83c37e9587\">Planeje e <strong>crie promo\u00e7\u00f5es<\/strong> vinculadas com cada data para destacar a sua marca. Promova sorteios, crie combos etc.<\/p>\n\n\n\n<p class=\"has-link-color wp-elements-784e4714dd8c61cdff025189a790db2f\">\u00c9 imprescind\u00edvel que voc\u00ea tenha produtos suficientes para atender a demanda e n\u00e3o deixar nenhum cliente na m\u00e3o. Sendo assim, <strong>prepare bem o seu estoque. <\/strong><\/p>\n\n\n\n<p class=\"has-link-color wp-elements-3943fc656468cfa241a843c339163afb\">Explore a personaliza\u00e7\u00e3o e invista na criatividade nas <strong>datas comemorativas<\/strong> para ter seu diferencial e chamar a aten\u00e7\u00e3o do seu p\u00fablico-alvo. J\u00e1 que todo mundo adora uma novidade, n\u00e3o \u00e9 mesmo?<\/p>\n\n\n\n<p class=\"has-link-color wp-elements-3a218aba3f9e0e31c4708d99be09dcb8\">Agora, se voc\u00ea n\u00e3o sabe como precificar os seus produtos para as datas comemorativas,<strong> <a href=\"https:\/\/blog.mago.com.br\/como-calcular-preco-de-venda-de-doces\/\">clique aqui<\/a> <\/strong>que a Mago conta para voc\u00ea!<\/p>\n","protected":false},"excerpt":{"rendered":"<p>Voc\u00ea sabia que o impulso emocional \u00e9 o principal fator decis\u00f3rio das compras de um consumidor? Aproveitando isso, a melhor \u00e9poca para vender \u00e9 nas datas comemorativas. Ent\u00e3o, que tal aproveitar esse momento para alavancar as suas vendas e criar momentos m\u00e1gicos para os seus clientes? Para isso, voc\u00ea precisar\u00e1 de um bom planejamento e&hellip; <a class=\"more-link\" href=\"https:\/\/www.mago.com.br\/blog\/datas-comemorativas\/\">Continue reading <span class=\"screen-reader-text\">Datas comemorativas: como aproveitar esses per\u00edodos para aumentar as vendas?<\/span><\/a><\/p>\n","protected":false},"author":1,"featured_media":9366,"comment_status":"open","ping_status":"open","sticky":false,"template":"","format":"standard","meta":{"_acf_changed":false,"footnotes":""},"categories":[4],"tags":[],"class_list":["post-7528","post","type-post","status-publish","format-standard","has-post-thumbnail","hentry","category-dicas","entry"],"acf":[],"_links":{"self":[{"href":"https:\/\/www.mago.com.br\/blog\/wp-json\/wp\/v2\/posts\/7528","targetHints":{"allow":["GET"]}}],"collection":[{"href":"https:\/\/www.mago.com.br\/blog\/wp-json\/wp\/v2\/posts"}],"about":[{"href":"https:\/\/www.mago.com.br\/blog\/wp-json\/wp\/v2\/types\/post"}],"author":[{"embeddable":true,"href":"https:\/\/www.mago.com.br\/blog\/wp-json\/wp\/v2\/users\/1"}],"replies":[{"embeddable":true,"href":"https:\/\/www.mago.com.br\/blog\/wp-json\/wp\/v2\/comments?post=7528"}],"version-history":[{"count":2,"href":"https:\/\/www.mago.com.br\/blog\/wp-json\/wp\/v2\/posts\/7528\/revisions"}],"predecessor-version":[{"id":10381,"href":"https:\/\/www.mago.com.br\/blog\/wp-json\/wp\/v2\/posts\/7528\/revisions\/10381"}],"wp:featuredmedia":[{"embeddable":true,"href":"https:\/\/www.mago.com.br\/blog\/wp-json\/wp\/v2\/media\/9366"}],"wp:attachment":[{"href":"https:\/\/www.mago.com.br\/blog\/wp-json\/wp\/v2\/media?parent=7528"}],"wp:term":[{"taxonomy":"category","embeddable":true,"href":"https:\/\/www.mago.com.br\/blog\/wp-json\/wp\/v2\/categories?post=7528"},{"taxonomy":"post_tag","embeddable":true,"href":"https:\/\/www.mago.com.br\/blog\/wp-json\/wp\/v2\/tags?post=7528"}],"curies":[{"name":"wp","href":"https:\/\/api.w.org\/{rel}","templated":true}]}}