{"id":7544,"date":"2020-03-23T08:16:41","date_gmt":"2020-03-23T11:16:41","guid":{"rendered":"https:\/\/www.mago.com.br\/blog\/gestao-de-confeitaria.html"},"modified":"2022-02-21T09:54:25","modified_gmt":"2022-02-21T12:54:25","slug":"gestao-de-confeitaria","status":"publish","type":"post","link":"https:\/\/www.mago.com.br\/blog\/gestao-de-confeitaria\/","title":{"rendered":"3 li\u00e7\u00f5es de gest\u00e3o de confeitaria que voc\u00ea pode aprender com a novela A Dona do Peda\u00e7o!"},"content":{"rendered":"\n<p class=\"has-link-color wp-elements-60495da26c9b94438b5e4ac88f150434\">Ter amor pelo que faz e curiosidade para sempre correr atr\u00e1s de novidades: essas s\u00e3o algumas das caracter\u00edsticas que sempre busquei colocar em meu trabalho \u2014 o que deu muito certo. Meu nome \u00e9 Maria da Paz, sou propriet\u00e1ria de uma rede de lojas e hoje falarei um pouco mais sobre as li\u00e7\u00f5es que aprendi sobre gest\u00e3o de <strong><a href=\"https:\/\/blog.mago.com.br\/guia-da-confeitaria\/\">confeitaria<\/a> <\/strong>ao longo dos anos.<\/p>\n\n\n\n<p class=\"has-link-color wp-elements-895ae3ccf5cc6a69849baf42393f0911\">Nem sempre as coisas sa\u00edram conforme eu planejei, mas com sabedoria e muito aprendizado consegui colocar em pr\u00e1tica uma boa administra\u00e7\u00e3o, fazendo com que minha empresa se tornasse uma das maiores do pa\u00eds. A seguir, vou compartilhar com voc\u00ea algumas das dicas que aprendi. Confira!<\/p>\n\n\n\n<h2 class=\"wp-block-heading\" id=\"1-busque-sempre-por-treinamentos\">1. Busque sempre por treinamentos<\/h2>\n\n\n\n<p class=\"has-link-color wp-elements-2249c97242a4fb5fd56c02116fd88127\">Eu cresci vendo minha av\u00f3 fazendo bolos. Cada dia era uma receita nova, mas sempre tive muita curiosidade em desenvolver novas t\u00e9cnicas e aprender sobre o que o mercado apresentava de tend\u00eancias. E isso faz toda a diferen\u00e7a!<\/p>\n\n\n\n<p class=\"has-link-color wp-elements-215b8589dc25d51846003ddb6c5427fb\">Hoje, com o aumento da competitividade, \u00e9 preciso apresentar aos seus clientes um excelente produto e, ao mesmo tempo, se<strong> <a href=\"https:\/\/blog.mago.com.br\/como-fazer-brigadeiro-gourmet\/\">diferenciar de outros neg\u00f3cios<\/a><\/strong>. O meu ponto positivo foi justamente agu\u00e7ar o interesse dos meus clientes: foi a\u00ed que desenvolvi o Bolo M\u00e1gico da Paz, em que o principal ingrediente era a canela.<\/p>\n\n\n\n<p class=\"has-link-color wp-elements-3791b9fe4b5b0dafd7c326c529b46487\">Para quem gosta daquele gostinho caseiro e de muita qualidade, praticamente sente o cheiro de um caf\u00e9 quentinho na beirada da mesa perto das pessoas queridas.<\/p>\n\n\n\n<h2 class=\"wp-block-heading\" id=\"2-procure-produtos-de-qualidade-no-mercado\">2. Procure produtos de qualidade no mercado<\/h2>\n\n\n\n<p class=\"has-link-color wp-elements-46c7d2c638a78ffaf7923a489dca835f\">Eu comecei a minha jornada vendendo os bolos em um carrinho simples, depois de ter batalhado durante boa parte da noite na cozinha cedida por um grande amiga. Mas com o sucesso do meu produto, o meu neg\u00f3cio foi crescendo \u2014 foi a\u00ed que montei uma pequena lojinha em vez de ficar transitando pela cidade.<\/p>\n\n\n\n<p class=\"has-link-color wp-elements-aea12c82295fa99ffc45ce68a0870803\">Um dos pontos que mais contribu\u00edram para que eu pudesse desenvolver a minha empresa de uma forma t\u00e3o r\u00e1pida foi prezar por itens de qualidade. De nada adiantava o meu talento se eu n\u00e3o investisse em bons produtos, concorda?<\/p>\n\n\n\n<p class=\"has-link-color wp-elements-59a3b83ce9cac34e020a4fb6316e3841\">Isso n\u00e3o est\u00e1 restrito apenas aos ingredientes, como tamb\u00e9m em produtos de confeitaria que me permitem elaborar uma verdadeira obra de arte nos meus bolos. A pessoa fica encantada com o sabor e tamb\u00e9m com a beleza est\u00e9tica dos meus produtos, o que \u00e9 outro diferencial na gest\u00e3o de confeitaria.<\/p>\n\n\n\n<h2 class=\"wp-block-heading\" id=\"3-registre-a-sua-marca\">3. Registre a sua marca<\/h2>\n\n\n\n<p class=\"has-link-color wp-elements-28a249a23b86a27b831effa30a1efc66\">Recentemente, passei um susto! Fui impedida de usar o nome \u201cBolos da Paz\u201d porque eu n\u00e3o era mais propriet\u00e1ria de meu neg\u00f3cio (essa \u00e9 uma longa hist\u00f3ria, fica para outra conversa). Mas isso serviu de um aprendizado: sempre registre o nome de sua empresa.<\/p>\n\n\n\n<p class=\"has-link-color wp-elements-ce9a5dee2628f729e733f7fe8ccaa575\">A partir disso, voc\u00ea tem a oportunidade de:<\/p>\n\n\n\n<ul class=\"wp-block-list\"><li>buscar indeniza\u00e7\u00e3o pelo uso n\u00e3o autorizado por outras pessoas;<\/li><li>dispor dessa marca em transa\u00e7\u00f5es comerciais;<\/li><li>fazer com que ela seja conhecida em qualquer parte do pa\u00eds (a \u201cBolos da Paz\u201d est\u00e1 presente no Brasil todo!).<\/li><\/ul>\n\n\n\n<p class=\"has-link-color wp-elements-853d1098c93429822794230909f6a7e3\">Essa \u00e9 a maneira mais efetiva de garantir que voc\u00ea ter\u00e1 o seu registro garantido para a expans\u00e3o da empresa e garantir o sucesso do seu neg\u00f3cio.<\/p>\n\n\n\n<p class=\"has-link-color wp-elements-52f4aca69a178220797d945522cc51e9\">E ent\u00e3o, o que achou das dicas sobre gest\u00e3o de confeitaria que eu aprendi ao longo dos anos? O ideal \u00e9 que voc\u00ea tenha um \u00f3timo planejamento para que nada saia do eixo, al\u00e9m de sempre contratar colaboradores que sejam de confian\u00e7a para cargos mais altos. Voc\u00ea n\u00e3o vai querer passar o susto de ser colocada para fora de sua loja que nem eu passei, n\u00e3o \u00e9 verdade?<\/p>\n\n\n\n<p class=\"has-link-color wp-elements-7ea4f3de3a28306fd780be1b9587b2ca\">Se voc\u00ea quer saber ainda mais sobre o assunto, continue no blog e saiba como<strong> <a href=\"https:\/\/blog.mago.com.br\/organizar-loja\/\">organizar a sua loja!<\/a><\/strong><a rel=\"noreferrer noopener\" href=\"http:\/\/www.blog.mago.com.br\/organizar-loja\/\" target=\"_blank\"> <\/a><\/p>\n","protected":false},"excerpt":{"rendered":"<p>Ter amor pelo que faz e curiosidade para sempre correr atr\u00e1s de novidades: essas s\u00e3o algumas das caracter\u00edsticas que sempre busquei colocar em meu trabalho \u2014 o que deu muito certo. Meu nome \u00e9 Maria da Paz, sou propriet\u00e1ria de uma rede de lojas e hoje falarei um pouco mais sobre as li\u00e7\u00f5es que aprendi&hellip; <a class=\"more-link\" href=\"https:\/\/www.mago.com.br\/blog\/gestao-de-confeitaria\/\">Continue reading <span class=\"screen-reader-text\">3 li\u00e7\u00f5es de gest\u00e3o de confeitaria que voc\u00ea pode aprender com a novela A Dona do Peda\u00e7o!<\/span><\/a><\/p>\n","protected":false},"author":1,"featured_media":8703,"comment_status":"open","ping_status":"open","sticky":false,"template":"","format":"standard","meta":{"_acf_changed":false,"footnotes":""},"categories":[5],"tags":[],"class_list":["post-7544","post","type-post","status-publish","format-standard","has-post-thumbnail","hentry","category-confeitaria","entry"],"acf":[],"_links":{"self":[{"href":"https:\/\/www.mago.com.br\/blog\/wp-json\/wp\/v2\/posts\/7544","targetHints":{"allow":["GET"]}}],"collection":[{"href":"https:\/\/www.mago.com.br\/blog\/wp-json\/wp\/v2\/posts"}],"about":[{"href":"https:\/\/www.mago.com.br\/blog\/wp-json\/wp\/v2\/types\/post"}],"author":[{"embeddable":true,"href":"https:\/\/www.mago.com.br\/blog\/wp-json\/wp\/v2\/users\/1"}],"replies":[{"embeddable":true,"href":"https:\/\/www.mago.com.br\/blog\/wp-json\/wp\/v2\/comments?post=7544"}],"version-history":[{"count":6,"href":"https:\/\/www.mago.com.br\/blog\/wp-json\/wp\/v2\/posts\/7544\/revisions"}],"predecessor-version":[{"id":10289,"href":"https:\/\/www.mago.com.br\/blog\/wp-json\/wp\/v2\/posts\/7544\/revisions\/10289"}],"wp:featuredmedia":[{"embeddable":true,"href":"https:\/\/www.mago.com.br\/blog\/wp-json\/wp\/v2\/media\/8703"}],"wp:attachment":[{"href":"https:\/\/www.mago.com.br\/blog\/wp-json\/wp\/v2\/media?parent=7544"}],"wp:term":[{"taxonomy":"category","embeddable":true,"href":"https:\/\/www.mago.com.br\/blog\/wp-json\/wp\/v2\/categories?post=7544"},{"taxonomy":"post_tag","embeddable":true,"href":"https:\/\/www.mago.com.br\/blog\/wp-json\/wp\/v2\/tags?post=7544"}],"curies":[{"name":"wp","href":"https:\/\/api.w.org\/{rel}","templated":true}]}}