{"id":7562,"date":"2020-04-06T09:00:07","date_gmt":"2020-04-06T12:00:07","guid":{"rendered":"https:\/\/www.mago.com.br\/blog\/confeitaria-funcional.html"},"modified":"2022-02-21T09:54:30","modified_gmt":"2022-02-21T12:54:30","slug":"confeitaria-funcional","status":"publish","type":"post","link":"https:\/\/www.mago.com.br\/blog\/confeitaria-funcional\/","title":{"rendered":"Confeitaria funcional: descubra por que voc\u00ea deveria investir"},"content":{"rendered":"\n<p class=\"has-link-color wp-elements-f969e099af921582f05b18d3d010490d\">Se voc\u00ea ainda n\u00e3o est\u00e1 por dentro da confeitaria funcional, saiba que \u00e9 uma vertente da tradicional. No entanto, ela preza pelo <strong>uso de ingredientes selecionados<\/strong>, que devem ser o mais naturais poss\u00edveis e reunir benef\u00edcios claros para a sa\u00fade \u2014 com propriedades antioxidantes, nutritivas e saud\u00e1veis.<\/p>\n\n\n\n<p class=\"has-link-color wp-elements-5b9d14220b232158cfa78479e56277a8\">Sendo assim, os produtos usados s\u00e3o prioritariamente org\u00e2nicos, com pouco ou nenhum tipo de processamento industrial, e normalmente s\u00e3o feitas <strong>trocas inteligentes<\/strong> para elevar a qualidade nutricional dos doces.<\/p>\n\n\n\n<p class=\"has-link-color wp-elements-f0485aaa36745051e5844be86514d0b0\">O mercado de alimenta\u00e7\u00e3o saud\u00e1vel<strong> <a rel=\"noopener noreferrer\" href=\"https:\/\/www.sebrae.com.br\/sites\/PortalSebrae\/artigos\/segmento-de-alimentacao-saudavel-apresenta-oportunidades-de-negocio,f48da82a39bbe410VgnVCM1000003b74010aRCRD\" target=\"_blank\">cresceu 98% nos \u00faltimos anos<\/a><\/strong>, de modo que pode ser uma excelente oportunidade para investir. Pensando nisso, hoje vamos demonstrar para voc\u00ea, alguns dos motivos pelos quais vale a pena apostar na confeitaria funcional!<\/p>\n\n\n\n<h2 class=\"wp-block-heading\" id=\"representa-uma-inovacao-na-confeitaria-tradicional\">Representa uma inova\u00e7\u00e3o na confeitaria tradicional<\/h2>\n\n\n\n<p class=\"has-link-color wp-elements-d0bb83bf518ddef95b7cc14886677040\">A confeitaria tradicional ganhou uma nova vers\u00e3o que est\u00e1 fazendo muito sucesso. Afinal, \u00e9 quase um sonho poder se deliciar com doces, <strong><a href=\"https:\/\/blog.mago.com.br\/bolo-do-bixiga\/\">bolos<\/a> <\/strong>e outras iguarias que n\u00e3o apenas s\u00e3o gostosos, mas t\u00eam propriedades ben\u00e9ficas \u00e0 sa\u00fade.<\/p>\n\n\n\n<p class=\"has-link-color wp-elements-151e27b97b1e698facae3d016e94141f\">A boa not\u00edcia \u00e9 que, por enquanto, <strong>ainda n\u00e3o existem muitas confeitarias funcionais dispon\u00edveis no mercado<\/strong>, ou seja, esse \u00e9 o momento ideal para come\u00e7ar a investir nesse nicho. O objetivo \u00e9 sair na frente da concorr\u00eancia e ganhar destaque no setor.<\/p>\n\n\n\n<h2 class=\"wp-block-heading\" id=\"reflete-a-preocupacao-com-os-habitos-saudaveis\">Reflete a preocupa\u00e7\u00e3o com os h\u00e1bitos saud\u00e1veis<\/h2>\n\n\n\n<p class=\"has-link-color wp-elements-24e60651e93d85909615672d63a56fc5\">Como o ato de se cuidar \u00e9 uma <strong>tend\u00eancia<\/strong> cada vez mais difundida entre as pessoas, a busca por alimentos e produtos que conseguem conciliar o sabor e qualidade nutricional evidencia a crescente preocupa\u00e7\u00e3o da popula\u00e7\u00e3o em adquirir h\u00e1bitos mais saud\u00e1veis.<\/p>\n\n\n\n<p class=\"has-link-color wp-elements-c585c6f38cb25bf6c22556461e770c04\">No entanto, esse p\u00fablico \u00e9 bastante exigente e n\u00e3o vai se contentar com itens que deixem a desejar em algum aspecto, mesmo tendo em sua composi\u00e7\u00e3o o que eles est\u00e3o buscando em primeiro lugar \u2014 os <strong>ingredientes funcionais<\/strong>.<\/p>\n\n\n\n<h2 class=\"wp-block-heading\" id=\"exibe-alto-indice-de-procura-pelo-publico\">Exibe alto \u00edndice de procura pelo p\u00fablico<\/h2>\n\n\n\n<p class=\"has-link-color wp-elements-6ac36e484e8a89b7307297faf0e2765a\">Uma coisa leva \u00e0 outra, de modo que quanto mais as pessoas se preocupam com a alimenta\u00e7\u00e3o e com um estilo de vida mais sadio, maior \u00e9 o p\u00fablico a procurar por alimentos nutritivos, saborosos e funcionais.<\/p>\n\n\n\n<p class=\"has-link-color wp-elements-50a1f0db5ce7bbf46f34cc65d48c68a1\">Exatamente por isso, come\u00e7ar agora a investir em confeitaria funcional \u00e9 uma grande oportunidade para <strong><a href=\"https:\/\/blog.mago.com.br\/vender-no-instagram\/\">aumentar as vendas<\/a><\/strong> e satisfazer essa demanda que ainda n\u00e3o vem sendo atendida.<\/p>\n\n\n\n<h2 class=\"wp-block-heading\" id=\"permite-que-os-clientes-comam-sem-culpa\">Permite que os clientes comam sem culpa<\/h2>\n\n\n\n<p class=\"has-link-color wp-elements-6f8246dc58327263a2272af54f3df4f5\">Muitas pessoas consideram a alimenta\u00e7\u00e3o como uma pr\u00e1tica muito prazerosa, que dir\u00e1 ent\u00e3o, <strong>poder comer sem o m\u00ednimo de culpa e preocupa\u00e7\u00e3o<\/strong> em rela\u00e7\u00e3o aos alimentos consumidos!<\/p>\n\n\n\n<p class=\"has-link-color wp-elements-158c1f3ffc51114137856f24952d54e5\">Esse \u00e9 o diferencial da <strong>confeitaria funcional<\/strong> e deve ser sempre algo a ser observado pelos profissionais que v\u00e3o iniciar os trabalhos nesse setor. Afinal, \u00e9 preciso preservar o sabor dos produtos e garantir que eles sejam t\u00e3o gostosos quanto as suas vers\u00f5es tradicionais.<\/p>\n\n\n\n<p class=\"has-link-color wp-elements-4575503dfc26455d1f41a3d0eb13b755\">Sendo assim, voc\u00ea deve estar pensando quais ser\u00e3o os itens que far\u00e3o parte do seu card\u00e1pio nessa nova jornada, n\u00e3o \u00e9 mesmo? Para diversificar, sugerimos cookie de cacau funcional, <strong><a href=\"https:\/\/blog.mago.com.br\/como-fazer-brigadeiro-gourmet\/\">brigadeiro<\/a> <\/strong>70% cacau, muffin de aveia e banana e granola funcional.<\/p>\n\n\n\n<p class=\"has-link-color wp-elements-d3605908ded3ead930b8cea3880ad827\">Agora voc\u00ea j\u00e1 sabe que vale a pena de investir na confeitaria funcional. Ent\u00e3o, continue a leitura e veja o <a href=\"https:\/\/blog.mago.com.br\/guia-da-confeitaria\/\"><strong>guia da confeitaria<\/strong><\/a> que preparamos!<\/p>\n","protected":false},"excerpt":{"rendered":"<p>Se voc\u00ea ainda n\u00e3o est\u00e1 por dentro da confeitaria funcional, saiba que \u00e9 uma vertente da tradicional. No entanto, ela preza pelo uso de ingredientes selecionados, que devem ser o mais naturais poss\u00edveis e reunir benef\u00edcios claros para a sa\u00fade \u2014 com propriedades antioxidantes, nutritivas e saud\u00e1veis. Sendo assim, os produtos usados s\u00e3o prioritariamente org\u00e2nicos,&hellip; <a class=\"more-link\" href=\"https:\/\/www.mago.com.br\/blog\/confeitaria-funcional\/\">Continue reading <span class=\"screen-reader-text\">Confeitaria funcional: descubra por que voc\u00ea deveria investir<\/span><\/a><\/p>\n","protected":false},"author":1,"featured_media":8705,"comment_status":"open","ping_status":"open","sticky":false,"template":"","format":"standard","meta":{"_acf_changed":false,"footnotes":""},"categories":[5],"tags":[],"class_list":["post-7562","post","type-post","status-publish","format-standard","has-post-thumbnail","hentry","category-confeitaria","entry"],"acf":[],"_links":{"self":[{"href":"https:\/\/www.mago.com.br\/blog\/wp-json\/wp\/v2\/posts\/7562","targetHints":{"allow":["GET"]}}],"collection":[{"href":"https:\/\/www.mago.com.br\/blog\/wp-json\/wp\/v2\/posts"}],"about":[{"href":"https:\/\/www.mago.com.br\/blog\/wp-json\/wp\/v2\/types\/post"}],"author":[{"embeddable":true,"href":"https:\/\/www.mago.com.br\/blog\/wp-json\/wp\/v2\/users\/1"}],"replies":[{"embeddable":true,"href":"https:\/\/www.mago.com.br\/blog\/wp-json\/wp\/v2\/comments?post=7562"}],"version-history":[{"count":7,"href":"https:\/\/www.mago.com.br\/blog\/wp-json\/wp\/v2\/posts\/7562\/revisions"}],"predecessor-version":[{"id":10287,"href":"https:\/\/www.mago.com.br\/blog\/wp-json\/wp\/v2\/posts\/7562\/revisions\/10287"}],"wp:featuredmedia":[{"embeddable":true,"href":"https:\/\/www.mago.com.br\/blog\/wp-json\/wp\/v2\/media\/8705"}],"wp:attachment":[{"href":"https:\/\/www.mago.com.br\/blog\/wp-json\/wp\/v2\/media?parent=7562"}],"wp:term":[{"taxonomy":"category","embeddable":true,"href":"https:\/\/www.mago.com.br\/blog\/wp-json\/wp\/v2\/categories?post=7562"},{"taxonomy":"post_tag","embeddable":true,"href":"https:\/\/www.mago.com.br\/blog\/wp-json\/wp\/v2\/tags?post=7562"}],"curies":[{"name":"wp","href":"https:\/\/api.w.org\/{rel}","templated":true}]}}