{"id":7594,"date":"2020-05-04T09:00:04","date_gmt":"2020-05-04T12:00:04","guid":{"rendered":"https:\/\/www.mago.com.br\/blog\/comercio-e-coronavirus.html"},"modified":"2021-11-16T11:02:03","modified_gmt":"2021-11-16T14:02:03","slug":"comercio-e-coronavirus","status":"publish","type":"post","link":"https:\/\/www.mago.com.br\/blog\/comercio-e-coronavirus\/","title":{"rendered":"Com\u00e9rcio e coronav\u00edrus: como manter as vendas durante a pandemia?"},"content":{"rendered":"\n<p class=\"has-link-color wp-elements-886c4b05566f551e10b86a5a1cafb47a\">O cen\u00e1rio mundial na atualidade \u00e9 de grande preocupa\u00e7\u00e3o, devido \u00e0 pandemia do coronav\u00edrus que deu origem \u00e0 covid-19. Os efeitos t\u00eam afetado a vida de muitas pessoas em todo o mundo e, consequentemente, a economia global.<\/p>\n\n\n\n<p class=\"has-link-color wp-elements-90341f062cba2d5452f0e96d2c3ec153\">Os impactos s\u00e3o not\u00e1veis principalmente em com\u00e9rcios e pequenos neg\u00f3cios, que s\u00e3o mais sens\u00edveis \u00e0 queda no consumo por causa da necessidade de quarentena e restri\u00e7\u00f5es para manter a rotina.<\/p>\n\n\n\n<p class=\"has-link-color wp-elements-75fcdd0e8979ed4ff1e7a316273b26e0\">\u00c9 um per\u00edodo que exige inova\u00e7\u00e3o para continuar vendendo, apesar do momento dif\u00edcil. Voc\u00ea sabe como <a href=\"http:\/\/www.blog.mago.com.br\/vender-no-instagram\/\" target=\"_blank\" rel=\"noreferrer noopener\">manter as vendas<\/a>, mesmo diante da rela\u00e7\u00e3o entre <strong>com\u00e9rcio e coronav\u00edrus<\/strong> na qual a popula\u00e7\u00e3o est\u00e1 vivendo? Veja dicas importantes neste post!<\/p>\n\n\n\n<h2 class=\"wp-block-heading\">A rela\u00e7\u00e3o entre com\u00e9rcio e coronav\u00edrus<\/h2>\n\n\n\n<p class=\"has-link-color wp-elements-818e0b79a3df8033405f9f3a29ec931c\">A chegada do coronav\u00edrus no Brasil trouxe grande preocupa\u00e7\u00e3o e se fez necess\u00e1rio adotar medidas de preven\u00e7\u00e3o para restringir a circula\u00e7\u00e3o de pessoas em espa\u00e7os p\u00fablicos. Com isso, parte do com\u00e9rcio teve que fechar temporariamente.<\/p>\n\n\n\n<p class=\"has-link-color wp-elements-ff94008359c1a04ecab0ec0e5da83f8a\">O resultado dessas medidas preventivas foi um impacto significativo nos pequenos e m\u00e9dios neg\u00f3cios, que tiveram suas receitas afetadas pelo isolamento social, dificultando muito o equil\u00edbrio do faturamento e as despesas.<\/p>\n\n\n\n<p class=\"has-link-color wp-elements-a464bb224399487a1d54be6562bebce2\">\u00c9 um momento em que gestores e empres\u00e1rios precisam se reinventar e inovar, adotando estrat\u00e9gias para garantir as vendas durante esse per\u00edodo complicado e assegurar a sobreviv\u00eancia do neg\u00f3cio.<\/p>\n\n\n\n<h2 class=\"wp-block-heading\">Dicas para manter as vendas em meio \u00e0 crise<\/h2>\n\n\n\n<p class=\"has-link-color wp-elements-196131f2c7aa85d61d8e789bb7b32fdf\">A prepara\u00e7\u00e3o para administrar um momento de crise financeira \u00e9 um desafio enfrentado por muitos empreendedores. \u00c9 indispens\u00e1vel <strong>se manter bem-informado e ter um planejamento realista<\/strong>. Veja a seguir algumas dicas essenciais que v\u00e3o ajudar o seu neg\u00f3cio a superar esse momento.<\/p>\n\n\n\n<h3 class=\"wp-block-heading\">Esteja mais pr\u00f3ximo dos clientes<\/h3>\n\n\n\n<p class=\"has-link-color wp-elements-4d7d67816298fdf80fb475efbebf5143\">Quem n\u00e3o \u00e9 visto, n\u00e3o \u00e9 lembrado. Assim diz um ditado popular que faz todo o sentido em um per\u00edodo de isolamento social. \u00c9 importante estar pr\u00f3ximo dos clientes, seja por meio das redes sociais, seja por outra ferramenta de comunica\u00e7\u00e3o, como aplicativos e telefone \u2014 crie promo\u00e7\u00f5es e conte\u00fados relativos aos produtos comercializados.<\/p>\n\n\n\n<h3 class=\"wp-block-heading\">Aposte nas vendas <em>online<\/em><\/h3>\n\n\n\n<p class=\"has-link-color wp-elements-cee036e160556fa596a94dc428768c80\">A internet \u00e9 o meio de comunica\u00e7\u00e3o mais usado pelas pessoas atualmente, e j\u00e1 que muitos com\u00e9rcios n\u00e3o podem abrir as portas, aposte nas <strong>vendas <em>online<\/em><\/strong>. Crie um planejamento de marketing para alcan\u00e7ar o p\u00fablico-alvo e manter a visibilidade do seu neg\u00f3cio.<\/p>\n\n\n\n<h3 class=\"wp-block-heading\">Use as m\u00eddias sociais para divulga\u00e7\u00e3o e atra\u00e7\u00e3o de clientes<\/h3>\n\n\n\n<p class=\"has-link-color wp-elements-60c95ec616f0c9e1d2a668e8c2ce7fec\">As <a href=\"http:\/\/www.blog.mago.com.br\/estrategias-para-redes-sociais\/\" target=\"_blank\" rel=\"noreferrer noopener\">redes sociais<\/a> s\u00e3o ferramentas muito eficazes e t\u00eam um poder de alcan\u00e7ar in\u00fameras pessoas, em fun\u00e7\u00e3o do volume de acessos no dia a dia \u2014 use os canais que julgar mais adequados como uma forma de divulgar produtos e servi\u00e7os para atrair mais clientes.<\/p>\n\n\n\n<h3 class=\"wp-block-heading\">Mostre que a empresa est\u00e1 adotando os cuidados necess\u00e1rios<\/h3>\n\n\n\n<p class=\"has-link-color wp-elements-3d81f0c8421f1b7d57aadee093ac2b33\">Boas pr\u00e1ticas devem sempre ser divulgadas com o intuito de conscientizar as pessoas e, nesse momento de pandemia, \u00e9 imprescind\u00edvel adotar cuidados especiais. Assim, os clientes se sentir\u00e3o mais <strong>seguros e confiantes<\/strong> em comprar da sua empresa.<\/p>\n\n\n\n<h3 class=\"wp-block-heading\">Adote o <em>delivery<\/em><\/h3>\n\n\n\n<p class=\"has-link-color wp-elements-8f0ed04cc8ed9afc2d7281d10db02576\">Vendas <em>online<\/em> ou por telefone proporcionam <strong>comodidade aos clientes<\/strong>, por isso oferecer um servi\u00e7o completo que conte com <em>delivery<\/em> \u00e9 fundamental para manter a lucratividade. Como nem todos os com\u00e9rcios podem vender presencialmente, investir na entrega \u00e9 a op\u00e7\u00e3o mais vi\u00e1vel.<\/p>\n\n\n\n<p class=\"has-link-color wp-elements-608851c914ec0cfd202ca76ab50c08cb\">E se voc\u00ea \u00e9 nosso cliente e est\u00e1 realizando entregas, entre em contato conosco atrav\u00e9s do <a href=\"https:\/\/www.instagram.com\/magoindustria\/\" target=\"_blank\" rel=\"noopener noreferrer\">instagram<\/a> que divulgaremos a sua loja.<\/p>\n\n\n\n<h2 class=\"wp-block-heading\">Erros que podem atrapalhar as vendas durante a pandemia<\/h2>\n\n\n\n<p class=\"has-link-color wp-elements-8571204648274f2442d11189b27c6246\">A crise causada pela pandemia do coronav\u00edrus foi inesperada e exigiu uma resposta imediata e conjunta para evitar problemas ainda maiores \u00e0 sa\u00fade e \u00e0 economia.<\/p>\n\n\n\n<p class=\"has-link-color wp-elements-c0898a200ea8819f735939bf602c4409\">Algumas atitudes s\u00e3o fatais e prejudicam muito as vendas durante o per\u00edodo. Todo detalhe faz a diferen\u00e7a e \u00e9 preciso estar atento para evitar erros t\u00e3o comuns, como:<\/p>\n\n\n\n<ul class=\"wp-block-list\"><li>recusar o uso de recursos tecnol\u00f3gicos;<\/li><li>n\u00e3o usar redes sociais como meio de marketing;<\/li><li>n\u00e3o oferecer uma plataforma de vendas online;<\/li><li>n\u00e3o acompanhar o fluxo de caixa;<\/li><li>esperar o fim da quarentena para planejar <a href=\"https:\/\/www.mago.com.br\/blog\/marketing-para-confeitaria.html\" target=\"_blank\" rel=\"noopener noreferrer\">a\u00e7\u00f5es de marketing<\/a> e comunica\u00e7\u00e3o.<\/li><\/ul>\n\n\n\n<p class=\"has-link-color wp-elements-7f03bc2d4083238f769f85491d955386\">Como voc\u00ea percebeu, a rela\u00e7\u00e3o entre <strong>com\u00e9rcio e coronav\u00edrus<\/strong> exige transforma\u00e7\u00e3o e inova\u00e7\u00e3o. Somente dessa forma ser\u00e1 poss\u00edvel estimular o contato com os clientes, objetivando a continuidade das vendas e mantendo o neg\u00f3cio competitivo.<\/p>\n\n\n\n<p class=\"has-link-color wp-elements-3fea85e0793e02109c98cbc968ea0be9\">Das adversidades do momento, que afetam o com\u00e9rcio por causa do coronav\u00edrus, podem <strong>surgir novas ideias<\/strong> \u2014 e com dedica\u00e7\u00e3o, persist\u00eancia e planejamento, consegue-se possibilidades reais de crescimento.<\/p>\n\n\n\n<p class=\"has-link-color wp-elements-aadfcdc0c06607361cdebb7ca71ff7f3\">Se voc\u00ea curtiu o post e deseja ver mais um conte\u00fado importante, saiba <a href=\"http:\/\/www.blog.mago.com.br\/como-calcular-preco-de-venda-de-doces\/\" target=\"_blank\" rel=\"noreferrer noopener\">como calcular o pre\u00e7o de venda de doces<\/a> e fique ainda mais bem-informado para sobressair a essa situa\u00e7\u00e3o em que o mundo enfrenta, da melhor forma poss\u00edvel!<\/p>\n","protected":false},"excerpt":{"rendered":"<p>O cen\u00e1rio mundial na atualidade \u00e9 de grande preocupa\u00e7\u00e3o, devido \u00e0 pandemia do coronav\u00edrus que deu origem \u00e0 covid-19. Os efeitos t\u00eam afetado a vida de muitas pessoas em todo o mundo e, consequentemente, a economia global. Os impactos s\u00e3o not\u00e1veis principalmente em com\u00e9rcios e pequenos neg\u00f3cios, que s\u00e3o mais sens\u00edveis \u00e0 queda no consumo&hellip; <a class=\"more-link\" href=\"https:\/\/www.mago.com.br\/blog\/comercio-e-coronavirus\/\">Continue reading <span class=\"screen-reader-text\">Com\u00e9rcio e coronav\u00edrus: como manter as vendas durante a pandemia?<\/span><\/a><\/p>\n","protected":false},"author":1,"featured_media":9071,"comment_status":"open","ping_status":"open","sticky":false,"template":"","format":"standard","meta":{"_acf_changed":false,"footnotes":""},"categories":[3],"tags":[],"class_list":["post-7594","post","type-post","status-publish","format-standard","has-post-thumbnail","hentry","category-empreendedorismo","entry"],"acf":[],"_links":{"self":[{"href":"https:\/\/www.mago.com.br\/blog\/wp-json\/wp\/v2\/posts\/7594","targetHints":{"allow":["GET"]}}],"collection":[{"href":"https:\/\/www.mago.com.br\/blog\/wp-json\/wp\/v2\/posts"}],"about":[{"href":"https:\/\/www.mago.com.br\/blog\/wp-json\/wp\/v2\/types\/post"}],"author":[{"embeddable":true,"href":"https:\/\/www.mago.com.br\/blog\/wp-json\/wp\/v2\/users\/1"}],"replies":[{"embeddable":true,"href":"https:\/\/www.mago.com.br\/blog\/wp-json\/wp\/v2\/comments?post=7594"}],"version-history":[{"count":1,"href":"https:\/\/www.mago.com.br\/blog\/wp-json\/wp\/v2\/posts\/7594\/revisions"}],"predecessor-version":[{"id":9073,"href":"https:\/\/www.mago.com.br\/blog\/wp-json\/wp\/v2\/posts\/7594\/revisions\/9073"}],"wp:featuredmedia":[{"embeddable":true,"href":"https:\/\/www.mago.com.br\/blog\/wp-json\/wp\/v2\/media\/9071"}],"wp:attachment":[{"href":"https:\/\/www.mago.com.br\/blog\/wp-json\/wp\/v2\/media?parent=7594"}],"wp:term":[{"taxonomy":"category","embeddable":true,"href":"https:\/\/www.mago.com.br\/blog\/wp-json\/wp\/v2\/categories?post=7594"},{"taxonomy":"post_tag","embeddable":true,"href":"https:\/\/www.mago.com.br\/blog\/wp-json\/wp\/v2\/tags?post=7594"}],"curies":[{"name":"wp","href":"https:\/\/api.w.org\/{rel}","templated":true}]}}