{"id":7639,"date":"2020-06-19T09:00:11","date_gmt":"2020-06-19T12:00:11","guid":{"rendered":"https:\/\/www.mago.com.br\/blog\/marketing-digital-crise-3.html"},"modified":"2022-02-21T15:11:41","modified_gmt":"2022-02-21T18:11:41","slug":"marketing-digital-crise-3","status":"publish","type":"post","link":"https:\/\/www.mago.com.br\/blog\/marketing-digital-crise-3\/","title":{"rendered":"Marketing digital na crise: como fazer dele um grande aliado?"},"content":{"rendered":"\n<p class=\"has-link-color wp-elements-421bbdcc3fc00b5599e47021e0c99909\">\u00c9 fato que qualquer tipo de crise tem o poder de transformar o dia a dia de uma sociedade e, at\u00e9 mesmo, os seus h\u00e1bitos dali em diante. A pandemia do<strong> <a href=\"https:\/\/blog.mago.com.br\/comercio-e-coronavirus\/\">coronav\u00edrus<\/a><\/strong>, por exemplo, provocou um isolamento social nunca visto: a quarentena, na verdade, j\u00e1 passa dos 40 dias e n\u00e3o tem prazo para acabar.<\/p>\n\n\n\n<p class=\"has-link-color wp-elements-758329587a8937acb617a39d6eddd119\">Com os consumidores obrigados a ficar em casa e os empres\u00e1rios a manter as portas fechadas, <strong>apostar no marketing digital na crise<\/strong> \u00e9, provavelmente, a \u00fanica forma de uma empresa sobreviver.<\/p>\n\n\n\n<p class=\"has-link-color wp-elements-252c769339128335ce32fa4afb25ace8\">Os microempreedendores, especialmente, precisam usar sua criatividade para manter o neg\u00f3cio ativo e pr\u00f3spero. Afinal, como dissemos, \u00e9 poss\u00edvel que os h\u00e1bitos da sociedade se transformem para sempre, mesmo ap\u00f3s o fim da pandemia \u2014 e se voc\u00ea for capaz de acompanhar essas mudan\u00e7as, vai ver a sua empresa forte como nunca.<\/p>\n\n\n\n<p class=\"has-link-color wp-elements-ebc2a3339ad702a97e6debb8a1f27a33\">Veja, ent\u00e3o, como fazer do <strong>marketing digital na crise<\/strong> um \u00f3timo aliado!<\/p>\n\n\n\n<h2 class=\"wp-block-heading\" id=\"planeje-as-suas-acoes\">Planeje as suas a\u00e7\u00f5es<\/h2>\n\n\n\n<p class=\"has-link-color wp-elements-160f822433f18b3a09afd591b8c17cc5\">Muitos empres\u00e1rios sem experi\u00eancia podem pensar que apostar no marketing digital \u00e9 apenas \u201csair publicando posts\u201d, sem muito crit\u00e9rio. Nada mais longe da verdade.<\/p>\n\n\n\n<p class=\"has-link-color wp-elements-9e7308b492f7c01b1dae610fe8352b22\">Independentemente dos meios que forem utilizados \u2014 p\u00e1ginas de busca, redes sociais e WhatsApp, \u00e9 preciso ter um planejamento dessas a\u00e7\u00f5es, a fim de que elas fa\u00e7am sentido para o neg\u00f3cio e tamb\u00e9m para o consumidor.<\/p>\n\n\n\n<p class=\"has-link-color wp-elements-44ccd782ba79d907b87dd9cabb6cbbb5\">Entre essas a\u00e7\u00f5es, por exemplo, \u00e9 poss\u00edvel divulgar promo\u00e7\u00f5es e novos produtos, aumentar sua autoridade no assunto \u2014 fazendo com que voc\u00ea conquiste a confian\u00e7a do cliente \u2014 e expandir a \u00e1rea de alcance.<\/p>\n\n\n\n<h2 class=\"wp-block-heading\" id=\"considere-o-seu-publico-alvo\">Considere o seu p\u00fablico-alvo<\/h2>\n\n\n\n<p class=\"has-link-color wp-elements-d88d7878883c5d7689a7a5b9985e7a4e\">Um dos pontos cruciais para o sucesso do marketing digital \u00e9 falar exatamente com quem est\u00e1 ouvindo. Pode ser que no dia a dia de seu neg\u00f3cio, voc\u00ea n\u00e3o tenha prestado tanta aten\u00e7\u00e3o no perfil dos seus consumidores.<\/p>\n\n\n\n<p class=\"has-link-color wp-elements-d41f518eebd7e8d1099366e3c86d504a\">No marketing digital esse desconhecimento n\u00e3o \u00e9 permitido, pois o universo \u00e9 muito vasto e \u00e9 preciso saber exatamente quem \u00e9 o seu p\u00fablico \u2014 tanto para chegar a ele mais rapidamente quanto para n\u00e3o desperdi\u00e7ar os seus esfor\u00e7os com as pessoas erradas.<\/p>\n\n\n\n<p class=\"has-link-color wp-elements-d070b6c2cfeb3dc9a7732a81d2a68826\">Alguns fatores a serem tra\u00e7ados que podem ajudar, s\u00e3o:<\/p>\n\n\n\n<ul class=\"wp-block-list\"><li><strong>localiza\u00e7\u00e3o<\/strong> \u2014 at\u00e9 onde voc\u00ea consegue entregar por <em>delivery<\/em>;<\/li><li><a href=\"https:\/\/blog.mago.com.br\/mix-de-produtos\/\"><strong><em>mix <\/em>de produtos<\/strong><\/a> \u2014 prefer\u00eancias entre doces, produtos integrais ou<em> lowcarb<\/em>, sobremesas e mais;<\/li><li><strong>pre\u00e7o <\/strong>\u2014 quanto essas pessoas est\u00e3o dispostas a pagar;<\/li><li><strong>meio de comunica\u00e7\u00e3o<\/strong> \u2014 em quais canais os clientes veem e respondem os seus contatos.<\/li><\/ul>\n\n\n\n<h2 class=\"wp-block-heading\" id=\"aposte-nas-redes-sociais\">Aposte nas redes sociais<\/h2>\n\n\n\n<p class=\"has-link-color wp-elements-abfb956ddc39bb8df16f623644bf9db6\">As<strong> <a href=\"https:\/\/blog.mago.com.br\/estrategias-para-redes-sociais\/\">redes sociais<\/a><\/strong>, al\u00e9m de serem bastante populares, t\u00eam a vantagem de oferecer um custo praticamente nulo para as empresas. Existem algumas ferramentas que podem otimizar seu trabalho, mas os servi\u00e7os gratuitos, se usados da forma correta, s\u00e3o capazes de fazer um marketing digital campe\u00e3o.<\/p>\n\n\n\n<p class=\"has-link-color wp-elements-bf774eaf5293ddb29c63052fd13b9379\">Conhe\u00e7a as principais plataformas, saiba onde o seu cliente est\u00e1 e fique atento a dois fatores:<\/p>\n\n\n\n<ul class=\"wp-block-list\"><li><strong>comunique-se<\/strong>: al\u00e9m de fazer as postagens, \u00e9 fundamental manter contato com os clientes, respondendo d\u00favidas e atendendo as solicita\u00e7\u00f5es de maneira r\u00e1pida, eficiente e bastante educada;<\/li><li><strong>crie conte\u00fado relevante<\/strong>: as divulga\u00e7\u00f5es de seus produtos s\u00e3o a melhor forma de vend\u00ea-los, mas n\u00e3o se esque\u00e7a de fortalecer sua marca, mostrar seus diferenciais e conquistar mais seguidores por meio da cria\u00e7\u00e3o de conte\u00fados que interessem ao seu p\u00fablico. Se \u00e9 confeiteiro, compartilhe informa\u00e7\u00f5es sobre os ingredientes e receitas que podem ser feitas em casa, nesses tempos de isolamento.<\/li><\/ul>\n\n\n\n<p class=\"has-link-color wp-elements-2139b6951420638b8ad99bf482b8bcb8\">Independentemente da plataforma que escolher, acompanhe os resultados, a fim de saber se voc\u00ea est\u00e1 no caminho certo. Al\u00e9m do <strong><em>feedback<\/em> dos clientes<\/strong> e das compras efetuadas, \u00e9 poss\u00edvel, por exemplo, analisar as suas postagens, vendo quantas pessoas a viram, compartilharam etc. Assim, voc\u00ea perceber\u00e1 o que est\u00e1 dando certo e o que \u00e9 preciso mudar.<\/p>\n\n\n\n<p class=\"has-link-color wp-elements-7f5bb94f33461b2357a9aa33e94816ce\">O <strong>marketing digital na crise<\/strong> pode ser uma \u00f3tima oportunidade n\u00e3o apenas de sobreviver agora, durante a pandemia, mas de transformar a sua empresa, fazendo com que ela caminhe em dire\u00e7\u00e3o ao futuro \u2014 um pr\u00f3spero futuro. Saia na frente e aproveite o momento para se destacar!<\/p>\n\n\n\n<p class=\"has-link-color wp-elements-7b72e712ffe93c79c52d37e5b7edc5ce\">Gostou deste conte\u00fado e quer mais dicas para cuidar do seu neg\u00f3cio? Veja, agora mesmo, nosso<strong> <a href=\"https:\/\/blog.mago.com.br\/como-administrar-um-comercio\/\">guia completo de como administrar um com\u00e9rcio<\/a><\/strong>!<\/p>\n","protected":false},"excerpt":{"rendered":"<p>\u00c9 fato que qualquer tipo de crise tem o poder de transformar o dia a dia de uma sociedade e, at\u00e9 mesmo, os seus h\u00e1bitos dali em diante. A pandemia do coronav\u00edrus, por exemplo, provocou um isolamento social nunca visto: a quarentena, na verdade, j\u00e1 passa dos 40 dias e n\u00e3o tem prazo para acabar.&hellip; <a class=\"more-link\" href=\"https:\/\/www.mago.com.br\/blog\/marketing-digital-crise-3\/\">Continue reading <span class=\"screen-reader-text\">Marketing digital na crise: como fazer dele um grande aliado?<\/span><\/a><\/p>\n","protected":false},"author":1,"featured_media":9475,"comment_status":"open","ping_status":"open","sticky":false,"template":"","format":"standard","meta":{"_acf_changed":false,"footnotes":""},"categories":[8],"tags":[],"class_list":["post-7639","post","type-post","status-publish","format-standard","has-post-thumbnail","hentry","category-rede-social","entry"],"acf":[],"_links":{"self":[{"href":"https:\/\/www.mago.com.br\/blog\/wp-json\/wp\/v2\/posts\/7639","targetHints":{"allow":["GET"]}}],"collection":[{"href":"https:\/\/www.mago.com.br\/blog\/wp-json\/wp\/v2\/posts"}],"about":[{"href":"https:\/\/www.mago.com.br\/blog\/wp-json\/wp\/v2\/types\/post"}],"author":[{"embeddable":true,"href":"https:\/\/www.mago.com.br\/blog\/wp-json\/wp\/v2\/users\/1"}],"replies":[{"embeddable":true,"href":"https:\/\/www.mago.com.br\/blog\/wp-json\/wp\/v2\/comments?post=7639"}],"version-history":[{"count":2,"href":"https:\/\/www.mago.com.br\/blog\/wp-json\/wp\/v2\/posts\/7639\/revisions"}],"predecessor-version":[{"id":10434,"href":"https:\/\/www.mago.com.br\/blog\/wp-json\/wp\/v2\/posts\/7639\/revisions\/10434"}],"wp:featuredmedia":[{"embeddable":true,"href":"https:\/\/www.mago.com.br\/blog\/wp-json\/wp\/v2\/media\/9475"}],"wp:attachment":[{"href":"https:\/\/www.mago.com.br\/blog\/wp-json\/wp\/v2\/media?parent=7639"}],"wp:term":[{"taxonomy":"category","embeddable":true,"href":"https:\/\/www.mago.com.br\/blog\/wp-json\/wp\/v2\/categories?post=7639"},{"taxonomy":"post_tag","embeddable":true,"href":"https:\/\/www.mago.com.br\/blog\/wp-json\/wp\/v2\/tags?post=7639"}],"curies":[{"name":"wp","href":"https:\/\/api.w.org\/{rel}","templated":true}]}}