{"id":7643,"date":"2020-06-26T09:00:05","date_gmt":"2020-06-26T12:00:05","guid":{"rendered":"https:\/\/www.mago.com.br\/blog\/decoracao-para-confeitarias.html"},"modified":"2022-02-21T10:34:38","modified_gmt":"2022-02-21T13:34:38","slug":"decoracao-para-confeitarias","status":"publish","type":"post","link":"https:\/\/www.mago.com.br\/blog\/decoracao-para-confeitarias\/","title":{"rendered":"Decora\u00e7\u00e3o para confeitarias: entenda por que voc\u00ea deve se preocupar com isso!"},"content":{"rendered":"\n<p class=\"has-link-color wp-elements-97473accb6923ba768fff820cacb68ea\">J\u00e1 diz a sabedoria popular que comemos com os olhos, e quando falamos sobre o universo das tortas, dos bolos e dos doces, essa afirma\u00e7\u00e3o \u00e9 ainda mais verdadeira. Por esse motivo, a <strong>decora\u00e7\u00e3o para confeitarias<\/strong> \u00e9 t\u00e3o essencial.<\/p>\n\n\n\n<p class=\"has-link-color wp-elements-cb4383f666fc744b9144face6d962be0\">Nesse tipo de neg\u00f3cio, apostar na beleza do ambiente \u00e9 t\u00e3o importante quanto caprichar na apresenta\u00e7\u00e3o dos produtos. N\u00e3o por acaso, temos visto muitas padarias e lojas de confeitaria com visuais \u00fanicos, que convidam os clientes a tomarem um caf\u00e9, comerem uma fatia de bolo e viverem uma experi\u00eancia especial ali dentro.<\/p>\n\n\n\n<p class=\"has-link-color wp-elements-62dd5ed43080c73b5f249cbc4c895b92\">E voc\u00ea, quer oferecer isso aos seus fregueses em seu neg\u00f3cio? Se pretende<strong> <a href=\"https:\/\/blog.mago.com.br\/vender-no-instagram\/\">aumentar as vendas<\/a><\/strong> e fidelizar o p\u00fablico, a resposta, certamente, \u00e9 sim. Ent\u00e3o, continue a leitura para saber <strong>como investir na decora\u00e7\u00e3o para confeitarias!<\/strong><\/p>\n\n\n\n<h2 class=\"wp-block-heading\" id=\"organize-os-produtos\">Organize os produtos<\/h2>\n\n\n\n<p class=\"has-link-color wp-elements-690d6c4b0165ed38434c61330e6d622e\">Uma atitude essencial e que n\u00e3o deveria nem ser considerada como decora\u00e7\u00e3o \u00e9 a organiza\u00e7\u00e3o dos produtos, mas acredite: ainda h\u00e1 muitos empres\u00e1rios pecando nesse quesito, deixando sua loja desorganizada e, at\u00e9 mesmo, suja.<\/p>\n\n\n\n<p class=\"has-link-color wp-elements-ecfd35dcae99ffc3006f3f6499715de1\">Assim, o cliente n\u00e3o encontra o que busca, pois a disposi\u00e7\u00e3o dos itens n\u00e3o tem uma ordem l\u00f3gica e f\u00e1cil de compreender. Al\u00e9m disso, ele pode se deparar com itens fora do prazo de validade e embalagens empoeiradas e danificadas. Tudo isso, claro, inibe a vontade de consumir, prejudicando a experi\u00eancia ali dentro e afastando esse consumidor \u2014 at\u00e9 mesmo para sempre.<\/p>\n\n\n\n<h2 class=\"wp-block-heading\" id=\"foque-nos-detalhes\">Foque nos detalhes<\/h2>\n\n\n\n<p class=\"has-link-color wp-elements-caa6d800aafdd276688477b3f27a9fb2\">Antes de come\u00e7ar a cuidar da nova decora\u00e7\u00e3o de sua<strong> <a href=\"https:\/\/blog.mago.com.br\/como-deixar-sua-loja-mais-atrativa\/\">loja<\/a><\/strong>, \u00e9 preciso estabelecer o conceito do neg\u00f3cio. <strong>Vintage, moderno, baseado no <em>comfort food<\/em>?<\/strong> A partir dessa resposta, ser\u00e1 mais f\u00e1cil criar uma unidade em todo o ambiente, desde os m\u00f3veis at\u00e9 as embalagens e uniformes.<\/p>\n\n\n\n<p class=\"has-link-color wp-elements-05e843afc6b59a987c66e966286915cc\">Vamos a um exemplo pr\u00e1tico: se voc\u00ea optou pelo vintage, pode levar essa inspira\u00e7\u00e3o para pap\u00e9is de parede, utens\u00edlios de confeitaria pendurados na parede, assim como quadros que remetem a d\u00e9cadas passadas.<\/p>\n\n\n\n<p class=\"has-link-color wp-elements-00ae0573800e7b398d074fd3164b7c0a\">Os uniformes tamb\u00e9m podem ter uma inspira\u00e7\u00e3o mais antiga, tal qual as embalagens e, at\u00e9 mesmo, itens do card\u00e1pio: tortas e doces cl\u00e1ssicos, por exemplo, s\u00e3o uma forma de atrair os clientes mais saudosos e tamb\u00e9m aqueles que buscam por produtos diferenciados.<\/p>\n\n\n\n<h2 class=\"wp-block-heading\" id=\"capriche-nas-sensacoes\">Capriche nas sensa\u00e7\u00f5es<\/h2>\n\n\n\n<p class=\"has-link-color wp-elements-befd4fe99aa5c0ee514984e21e49c805\">Voc\u00ea j\u00e1 ouviu falar sobre<strong> <em>branding<\/em> sensorial<\/strong>? Trata-se de a\u00e7\u00f5es de <em>marketing<\/em> focadas em percep\u00e7\u00f5es sensoriais capazes de transformar a experi\u00eancia do<strong> <a href=\"https:\/\/blog.mago.com.br\/treinamento-de-atendimento-ao-cliente\/\">cliente<\/a><\/strong> em algo \u00fanico e extremamente positivo.<\/p>\n\n\n\n<p class=\"has-link-color wp-elements-4c1346ee06d2d259e2675aff5789ed6e\">O nome pode parecer complicado, mas as formas de aplicar essas estrat\u00e9gias s\u00e3o simples:<\/p>\n\n\n\n<ul class=\"wp-block-list\"><li>tenha um cuidado extra com a climatiza\u00e7\u00e3o e a ilumina\u00e7\u00e3o do local, pois elas s\u00e3o capazes de valorizar os produtos e deixar o cliente mais confort\u00e1vel \u2014 ou seja, com menos vontade de ir embora;<\/li><li>escolha uma boa m\u00fasica ambiente, capaz de deixar o comprador mais tranquilo e disposto a consumir;<\/li><li>sabe aquele cheirinho de p\u00e3o rec\u00e9m-sa\u00eddo do forno? Tenha aten\u00e7\u00e3o para que um aroma irresist\u00edvel como esse esteja sempre pelo ambiente: pode ser de p\u00e3o, de um bolo exclusivo de sua loja, entre outras op\u00e7\u00f5es;<\/li><li>ofere\u00e7a degusta\u00e7\u00f5es, para que o paladar dos clientes seja estimulado e as vendas, consequentemente, aumentem.<\/li><\/ul>\n\n\n\n<p class=\"has-link-color wp-elements-71bea515012e011784bbf5e9cdad980c\">A <strong>decora\u00e7\u00e3o para confeitarias<\/strong> \u00e9 um conjunto de a\u00e7\u00f5es estrat\u00e9gicas que n\u00e3o podem passar despercebidas pelos empres\u00e1rios que buscam oferecer diferenciais aos seus clientes, englobando os sentidos, as prefer\u00eancias e as necessidades desse p\u00fablico. Invista!<\/p>\n\n\n\n<p class=\"has-link-color wp-elements-1981c7dd1c9f387ec17b9938102b7fcf\">Por falar em fatores essenciais para uma confeitaria de sucesso,<strong> <a href=\"https:\/\/blog.mago.com.br\/conheca-os-5-utensilios-indispensaveis-para-sua-confeitaria\/\">conhe\u00e7a os cinco utens\u00edlios indispens\u00e1veis<\/a> <\/strong>para o seu neg\u00f3cio!<\/p>\n","protected":false},"excerpt":{"rendered":"<p>J\u00e1 diz a sabedoria popular que comemos com os olhos, e quando falamos sobre o universo das tortas, dos bolos e dos doces, essa afirma\u00e7\u00e3o \u00e9 ainda mais verdadeira. Por esse motivo, a decora\u00e7\u00e3o para confeitarias \u00e9 t\u00e3o essencial. Nesse tipo de neg\u00f3cio, apostar na beleza do ambiente \u00e9 t\u00e3o importante quanto caprichar na apresenta\u00e7\u00e3o&hellip; <a class=\"more-link\" href=\"https:\/\/www.mago.com.br\/blog\/decoracao-para-confeitarias\/\">Continue reading <span class=\"screen-reader-text\">Decora\u00e7\u00e3o para confeitarias: entenda por que voc\u00ea deve se preocupar com isso!<\/span><\/a><\/p>\n","protected":false},"author":1,"featured_media":9395,"comment_status":"open","ping_status":"open","sticky":false,"template":"","format":"standard","meta":{"_acf_changed":false,"footnotes":""},"categories":[6],"tags":[],"class_list":["post-7643","post","type-post","status-publish","format-standard","has-post-thumbnail","hentry","category-decoracoes","entry"],"acf":[],"_links":{"self":[{"href":"https:\/\/www.mago.com.br\/blog\/wp-json\/wp\/v2\/posts\/7643","targetHints":{"allow":["GET"]}}],"collection":[{"href":"https:\/\/www.mago.com.br\/blog\/wp-json\/wp\/v2\/posts"}],"about":[{"href":"https:\/\/www.mago.com.br\/blog\/wp-json\/wp\/v2\/types\/post"}],"author":[{"embeddable":true,"href":"https:\/\/www.mago.com.br\/blog\/wp-json\/wp\/v2\/users\/1"}],"replies":[{"embeddable":true,"href":"https:\/\/www.mago.com.br\/blog\/wp-json\/wp\/v2\/comments?post=7643"}],"version-history":[{"count":2,"href":"https:\/\/www.mago.com.br\/blog\/wp-json\/wp\/v2\/posts\/7643\/revisions"}],"predecessor-version":[{"id":10308,"href":"https:\/\/www.mago.com.br\/blog\/wp-json\/wp\/v2\/posts\/7643\/revisions\/10308"}],"wp:featuredmedia":[{"embeddable":true,"href":"https:\/\/www.mago.com.br\/blog\/wp-json\/wp\/v2\/media\/9395"}],"wp:attachment":[{"href":"https:\/\/www.mago.com.br\/blog\/wp-json\/wp\/v2\/media?parent=7643"}],"wp:term":[{"taxonomy":"category","embeddable":true,"href":"https:\/\/www.mago.com.br\/blog\/wp-json\/wp\/v2\/categories?post=7643"},{"taxonomy":"post_tag","embeddable":true,"href":"https:\/\/www.mago.com.br\/blog\/wp-json\/wp\/v2\/tags?post=7643"}],"curies":[{"name":"wp","href":"https:\/\/api.w.org\/{rel}","templated":true}]}}