{"id":7891,"date":"2021-01-06T14:00:04","date_gmt":"2021-01-06T17:00:04","guid":{"rendered":"https:\/\/www.mago.com.br\/presenca-nas-redes-sociais\/"},"modified":"2022-02-21T15:05:00","modified_gmt":"2022-02-21T18:05:00","slug":"presenca-nas-redes-sociais","status":"publish","type":"post","link":"https:\/\/www.mago.com.br\/blog\/presenca-nas-redes-sociais\/","title":{"rendered":"Descubra como ter presen\u00e7a positiva nas redes sociais com essas dicas"},"content":{"rendered":"\n<p class=\"has-link-color wp-elements-14ab26d513229839e402ca7184589632\">Com a sociedade cada vez mais digitalizada, ter presen\u00e7a nas redes sociais se tornou indispens\u00e1vel para empreendimentos do setor aliment\u00edcio. Os consumidores, ao se adaptarem \u00e0s inova\u00e7\u00f5es tecnol\u00f3gicas, passaram a pesquisar perfis das lojas e de profissionais com a inten\u00e7\u00e3o de conhecer as vantagens e garantir uma boa escolha.<\/p>\n\n\n\n<p class=\"has-link-color wp-elements-347c22c74a5af7099eb5576996907745\">As redes sociais precisam mostrar o seu trabalho de maneira atrativa. Isso gera proximidade com os seguidores, <strong><a href=\"https:\/\/blog.mago.com.br\/campanhas-de-fidelizacao-de-clientes\/\">fideliza\u00e7\u00e3o<\/a> <\/strong>e indica\u00e7\u00e3o para amigos, fazendo com que mais pessoas conhe\u00e7am e se interessem pelo seu neg\u00f3cio.<\/p>\n\n\n\n<p class=\"has-link-color wp-elements-37f775c26c97371acfd0875f50510ce5\">Agora que voc\u00ea j\u00e1 entendeu o b\u00e1sico sobre a import\u00e2ncia de estar presente no Instagram, Facebook, Twitter e outras redes, que tal descobrir por onde come\u00e7ar? Continue a leitura para conferir nossas dicas imperd\u00edveis!<\/p>\n\n\n\n<h2 class=\"wp-block-heading\" id=\"descubra-quem-e-a-sua-audiencia\">Descubra quem \u00e9 a sua audi\u00eancia<\/h2>\n\n\n\n<p class=\"has-link-color wp-elements-7d48a843384d292fabcafad040a4405b\">Para que sua presen\u00e7a na web seja positiva e rent\u00e1vel, o primeiro passo \u00e9 descobrir qual a sua audi\u00eancia. Comece pensando nas caracter\u00edsticas que seus clientes t\u00eam em comum: idade, classe social, g\u00eanero etc. Idealize o p\u00fablico que deseja atingir e compreenda quais as necessidades e desejos dele, bem como quais conte\u00fados gostam de consumir.&nbsp;<\/p>\n\n\n\n<p class=\"has-link-color wp-elements-89293a2c4b2bcc18880c05eedf48fb44\">Fa\u00e7a algumas perguntas para si, como por exemplo: meus clientes em potencial gostam de comprar bolos, doces e salgados prontos ou t\u00eam costume de faz\u00ea-los em casa? Qual o or\u00e7amento que disponibilizam para esse fim? Anote tudo para n\u00e3o esquecer!&nbsp;<\/p>\n\n\n\n<h2 class=\"wp-block-heading\" id=\"poste-conteudos-adequados-ao-seu-publico\">Poste conte\u00fados adequados ao seu p\u00fablico<\/h2>\n\n\n\n<p class=\"has-link-color wp-elements-29f8802e6d27f84ef8791f7455c0c068\">Uma vez que souber quem \u00e9 a sua audi\u00eancia, \u00e9 hora de criar conte\u00fados adequados a ela. As postagens atrativas para adolescentes s\u00e3o totalmente diferentes das que chamam aten\u00e7\u00e3o aos adultos tanto em quest\u00f5es de imagens, linguagem e outras caracter\u00edsticas, voc\u00ea concorda? Essa l\u00f3gica serve, inclusive, para concluir quais as redes sociais ideais para investir.<\/p>\n\n\n\n<p class=\"has-link-color wp-elements-bfb975999a72f00520e9e0bfc124f213\">\u00c9 preciso \u201centrar\u201d na mente de seus clientes, se colocando no lugar deles, para criar um conte\u00fado que tenha o que eles gostam de ver. Dessa forma, as imagens, textos, slogan, hashtags e intera\u00e7\u00f5es ser\u00e3o capazes de cativar a aten\u00e7\u00e3o e desejo deles.&nbsp;<\/p>\n\n\n\n<h2 class=\"wp-block-heading\" id=\"crie-um-calendario-editorial-com-base-em-seus-objetivos\">Crie um calend\u00e1rio editorial com base em seus objetivos<\/h2>\n\n\n\n<p class=\"has-link-color wp-elements-08a87c31fed1106c65b899b1049244c9\">Ter um cronograma definido \u00e9 essencial para n\u00e3o deixar as redes sociais esquecidas, uma vez que isso n\u00e3o gera as vantagens que voc\u00ea deseja. Se planeje para postar conte\u00fados recorrentes, pois isso garante mais proximidade com os clientes e os mant\u00e9m interagindo com sua marca.<\/p>\n\n\n\n<p class=\"has-link-color wp-elements-b8e775461db7389e533efd214e8d83bc\">Vale colocar sorteios, fotos, v\u00eddeos e dicas no calend\u00e1rio editorial, se programando para ir a p\u00fablico em dias e hor\u00e1rios estrat\u00e9gicos. Assim, todas as postagens que fizer agregar\u00e3o informa\u00e7\u00f5es valiosas e atrativas, o que garantir\u00e1 a<strong> <a href=\"https:\/\/blog.mago.com.br\/captar-clientes-pela-internet\/\">capta\u00e7\u00e3o de mais clientes<\/a> <\/strong>e fideliza\u00e7\u00e3o dos existentes.<\/p>\n\n\n\n<h2 class=\"wp-block-heading\" id=\"invista-em-um-visual-atrativo\">Invista em um visual atrativo<\/h2>\n\n\n\n<p class=\"has-link-color wp-elements-ba09925ee2874e351c707203af805a3c\">As redes sociais, principalmente o Instagram, s\u00e3o bastante voltadas para o visual das p\u00e1ginas, feito com imagens de qualidade e que reflitam a identidade visual do seu neg\u00f3cio. Use sempre imagens de qualidade e de sua autoria. Escolha um nome de usu\u00e1rio f\u00e1cil de ser lembrado, aposte em uma boa descri\u00e7\u00e3o usando um slogan e escolha uma foto n\u00edtida para o perfil.<\/p>\n\n\n\n<p class=\"has-link-color wp-elements-6dcb36341730657e52f898a2601c47f3\">Saber como usar a presen\u00e7a nas redes sociais \u00e9, sem d\u00favidas, essencial para captar mais clientes e aumentar a fama positiva do seu empreendimento. O seu perfil deve refletir a excel\u00eancia do seus atendimentos e produtos, n\u00e3o deixe de se manter sempre atualizado com cursos e de investir em produtos de qualidade.<\/p>\n\n\n\n<p class=\"has-link-color wp-elements-8d5b2561133ef2bf0af82ebaec57cf07\">Gostou de descobrir como ter um perfil de sucesso? N\u00e3o deixe de conferir nossas dicas de <a href=\"https:\/\/blog.mago.com.br\/como-vender-no-instagram\/\"><strong>como vender no Instagram<\/strong><\/a> para se aprofundar ainda mais!<\/p>\n","protected":false},"excerpt":{"rendered":"<p>Com a sociedade cada vez mais digitalizada, ter presen\u00e7a nas redes sociais se tornou indispens\u00e1vel para empreendimentos do setor aliment\u00edcio. Os consumidores, ao se adaptarem \u00e0s inova\u00e7\u00f5es tecnol\u00f3gicas, passaram a pesquisar perfis das lojas e de profissionais com a inten\u00e7\u00e3o de conhecer as vantagens e garantir uma boa escolha. As redes sociais precisam mostrar o&hellip; <a class=\"more-link\" href=\"https:\/\/www.mago.com.br\/blog\/presenca-nas-redes-sociais\/\">Continue reading <span class=\"screen-reader-text\">Descubra como ter presen\u00e7a positiva nas redes sociais com essas dicas<\/span><\/a><\/p>\n","protected":false},"author":1,"featured_media":9463,"comment_status":"open","ping_status":"open","sticky":false,"template":"","format":"standard","meta":{"_acf_changed":false,"footnotes":""},"categories":[8],"tags":[],"class_list":["post-7891","post","type-post","status-publish","format-standard","has-post-thumbnail","hentry","category-rede-social","entry"],"acf":[],"_links":{"self":[{"href":"https:\/\/www.mago.com.br\/blog\/wp-json\/wp\/v2\/posts\/7891","targetHints":{"allow":["GET"]}}],"collection":[{"href":"https:\/\/www.mago.com.br\/blog\/wp-json\/wp\/v2\/posts"}],"about":[{"href":"https:\/\/www.mago.com.br\/blog\/wp-json\/wp\/v2\/types\/post"}],"author":[{"embeddable":true,"href":"https:\/\/www.mago.com.br\/blog\/wp-json\/wp\/v2\/users\/1"}],"replies":[{"embeddable":true,"href":"https:\/\/www.mago.com.br\/blog\/wp-json\/wp\/v2\/comments?post=7891"}],"version-history":[{"count":2,"href":"https:\/\/www.mago.com.br\/blog\/wp-json\/wp\/v2\/posts\/7891\/revisions"}],"predecessor-version":[{"id":10426,"href":"https:\/\/www.mago.com.br\/blog\/wp-json\/wp\/v2\/posts\/7891\/revisions\/10426"}],"wp:featuredmedia":[{"embeddable":true,"href":"https:\/\/www.mago.com.br\/blog\/wp-json\/wp\/v2\/media\/9463"}],"wp:attachment":[{"href":"https:\/\/www.mago.com.br\/blog\/wp-json\/wp\/v2\/media?parent=7891"}],"wp:term":[{"taxonomy":"category","embeddable":true,"href":"https:\/\/www.mago.com.br\/blog\/wp-json\/wp\/v2\/categories?post=7891"},{"taxonomy":"post_tag","embeddable":true,"href":"https:\/\/www.mago.com.br\/blog\/wp-json\/wp\/v2\/tags?post=7891"}],"curies":[{"name":"wp","href":"https:\/\/api.w.org\/{rel}","templated":true}]}}