{"id":7923,"date":"2021-02-01T14:00:05","date_gmt":"2021-02-01T17:00:05","guid":{"rendered":"https:\/\/www.mago.com.br\/importancia-da-embalagem\/"},"modified":"2022-02-21T09:07:19","modified_gmt":"2022-02-21T12:07:19","slug":"importancia-da-embalagem","status":"publish","type":"post","link":"https:\/\/www.mago.com.br\/blog\/importancia-da-embalagem\/","title":{"rendered":"Voc\u00ea entende a import\u00e2ncia da embalagem para as confeitarias?"},"content":{"rendered":"\n<p class=\"has-link-color wp-elements-3b2cf6347e07d54aabc25f22abd8c5ee\">Que o ser humano tamb\u00e9m come com os olhos, n\u00f3s j\u00e1 sabemos. Mas essa vontade de comer que a apar\u00eancia dos alimentos provoca n\u00e3o \u00e9 despertada apenas pelo visual do pr\u00f3prio produto. As embalagens tamb\u00e9m t\u00eam um papel fundamental nesse sentido, j\u00e1 que ajudam a valorizar ainda mais o alimento.<\/p>\n\n\n\n<p class=\"has-link-color wp-elements-c4d16d00c3f15da13174ee041df95bec\">Na confeitaria, essa import\u00e2ncia da embalagem \u00e9 ainda maior. Isso porque al\u00e9m de dar destaque \u00e0s del\u00edcias, elas fazem com que os alimentos se tornem verdadeiros presentes \u2014 o que j\u00e1 \u00e9 muito comum no segmento.<\/p>\n\n\n\n<p class=\"has-link-color wp-elements-ee868d5f25d6b98d07052a41d3fa7b87\">Por fim, a escolha das embalagens adequadas vai influenciar diretamente na<strong> <a href=\"https:\/\/blog.mago.com.br\/conservacao-de-doces\/\">conserva\u00e7\u00e3o<\/a><\/strong> dos alimentos. Lembre-se de que os bolos, p\u00e3es e biscoitos, por exemplo, respondem de maneiras diferentes quando s\u00e3o armazenados em pl\u00e1stico, papel ou vidro.<\/p>\n\n\n\n<p class=\"has-link-color wp-elements-1ba57181f35e59b68d7a268de92af37b\">Vamos discorrer mais sobre o assunto neste texto. Acompanhe!<\/p>\n\n\n\n<h2 class=\"wp-block-heading\" id=\"a-importancia-da-embalagem-para-a-conservacao-do-alimento\">A import\u00e2ncia da embalagem para a conserva\u00e7\u00e3o do alimento<\/h2>\n\n\n\n<p class=\"has-link-color wp-elements-8e9fcdd29a54971b08a683bc10a64087\">Entre os materiais mais comuns utilizados na confeitaria para a embalagem dos produtos est\u00e3o o pl\u00e1stico, o papel (ou o papel\u00e3o), o papel laminado e o isopor. \u00c9 certo que, nesse segmento, quanto mais fresco estiver o produto, melhor; mas esses inv\u00f3lucros podem ajudar a conservar mais \u2014 ou menos \u2014 os alimentos.<\/p>\n\n\n\n<p class=\"has-link-color wp-elements-45ec67e5b3105ce10121d97fd0f9ad8d\">As embalagens de pl\u00e1stico com tampa, por exemplo, s\u00e3o muito apreciadas para os <a href=\"https:\/\/blog.mago.com.br\/receita-bolo-red-velvet\/\"><strong>bolos<\/strong><\/a>, j\u00e1 que al\u00e9m de conservar o produto, ajudam a transport\u00e1-lo com seguran\u00e7a e permitem que o cliente veja o alimento em sua integridade.<\/p>\n\n\n\n<p class=\"has-link-color wp-elements-be653340c5c737ca04efbf032bb0397c\">Ainda falando sobre os bolos e tortas, existem no mercado embalagens forne\u00e1veis, tanto de papel\u00e3o quanto de papel laminado, que permitem que a receita v\u00e1 direto para o forno e depois seja vendida. Dessa forma, h\u00e1 menos manipula\u00e7\u00e3o do alimento e o transporte tamb\u00e9m fica mais f\u00e1cil.<\/p>\n\n\n\n<p class=\"has-link-color wp-elements-df4c8ff1fb721f0b1ac64bbdc4174318\">J\u00e1 o isopor e o papel s\u00e3o mais indicados para o transporte r\u00e1pido, j\u00e1 que s\u00e3o mais fr\u00e1geis, n\u00e3o suportam peso e n\u00e3o ret\u00eam a umidade do alimento: em pouco tempo, os bolos e doces j\u00e1 come\u00e7am a ressacar.<\/p>\n\n\n\n<h2 class=\"wp-block-heading\" id=\"a-influencia-da-embalagem-no-sabor-do-produto\">A influ\u00eancia da embalagem no sabor do produto<\/h2>\n\n\n\n<p class=\"has-link-color wp-elements-531178e89571cc47424fa84b7387a67e\">Como voc\u00ea pode ver, as embalagens t\u00eam uma influ\u00eancia direta sobre os alimentos, e n\u00e3o se trata apenas da textura e da pr\u00f3pria apar\u00eancia do produto.<\/p>\n\n\n\n<p class=\"has-link-color wp-elements-431ed9eba447321cc84a1553102b27f1\">\u00c9 preciso considerar, por exemplo, que os diferentes tipos de materiais v\u00e3o interferir na umidade, na passagem de luz e de odores. Ou seja, a prote\u00e7\u00e3o incorreta vai fazer com que at\u00e9 mesmo o sabor do alimento seja alterado.<\/p>\n\n\n\n<p class=\"has-link-color wp-elements-49055fb3f9d952f5a4284210a4327220\">Como consumidor, voc\u00ea j\u00e1 comprou um bolo que tinha o gosto do pl\u00e1stico da embalagem ou um docinho que ficou com o famoso gosto de geladeira? Certamente, isso aconteceu por causa da escolha errada da embalagem \u2014 e isso pode ser fatal para<strong> <a href=\"https:\/\/blog.mago.com.br\/ferramentas-digitais-para-administrar-lojas\/\">o seu neg\u00f3cio<\/a><\/strong>!<\/p>\n\n\n\n<h2 class=\"wp-block-heading\" id=\"as-embalagens-para-presentes-na-confeitaria\">As embalagens para presentes na confeitaria<\/h2>\n\n\n\n<p class=\"has-link-color wp-elements-25d170617340ceb6c48489e969604da2\">Falamos no in\u00edcio deste conte\u00fado sobre como os produtos de confeitaria est\u00e3o sendo cada vez mais escolhidos como forma de presentear. Com pre\u00e7os acess\u00edveis e infinitas formas de personaliza\u00e7\u00e3o, os clientes optam por caixas de bombons, brigadeiros gourmet, pacotinhos de biscoitinhos e muitas outras del\u00edcias para fazer um mimo \u00e0s pessoas queridas nas datas especiais.<\/p>\n\n\n\n<p class=\"has-link-color wp-elements-580a5a3d70f47527abaabc3c4af69c3b\">Nessa hora, t\u00e3o importante quanto caprichar na apar\u00eancia do alimento \u00e9 atentar-se \u00e0 embalagem: procure por itens diferentes, de acordo com a data comemorativa (como<strong> <a href=\"https:\/\/blog.mago.com.br\/vendas-no-final-do-ano\/\">Natal<\/a><\/strong>, Dia dos Namorados e Dia das M\u00e3es) e n\u00e3o esque\u00e7a de nenhum detalhe, desde a firmeza da embalagem at\u00e9 a forma de lacr\u00e1-la, com la\u00e7o ou outra alternativa que conserve o produto da melhor forma. Afinal, n\u00e3o basta ser bonito: \u00e9 preciso ser eficiente no quesito transporte e conserva\u00e7\u00e3o, certo?<\/p>\n\n\n\n<p class=\"has-link-color wp-elements-28e41bc1a52a0200a10501c0a2cabf22\">A import\u00e2ncia da embalagem na confeitaria \u00e9 a mistura ideal entre conserva\u00e7\u00e3o e apar\u00eancia. Vale a pena buscar por op\u00e7\u00f5es diferentes no mercado, como marmitinhas e embalagens forne\u00e1veis, apostar na personaliza\u00e7\u00e3o e avaliar qual \u00e9 o material mais adequado para os produtos que voc\u00ea vende.<\/p>\n\n\n\n<p class=\"has-link-color wp-elements-f2853415d7262420a53aa15c7d365006\">Gostou deste texto? Acompanhe outros conte\u00fados relacionados ao universo da confeitaria em nossas redes sociais! Estamos no<strong> <a rel=\"noopener\" href=\"https:\/\/www.instagram.com\/magoindustria\/\" target=\"_blank\">Instagram<\/a><\/strong>,<strong> <a rel=\"noopener\" href=\"https:\/\/pt-br.facebook.com\/MagoIndustria\/\" target=\"_blank\">Facebook<\/a><\/strong>,<strong> <a rel=\"noopener\" href=\"https:\/\/br.pinterest.com\/ideiasmago\/\" target=\"_blank\">Pinterest<\/a> <\/strong>e<strong> <a rel=\"noopener\" href=\"https:\/\/www.youtube.com\/channel\/UC6iYIYWooXoRs2_zs7A8yWQ\" target=\"_blank\">YouTube<\/a><\/strong>!<\/p>\n","protected":false},"excerpt":{"rendered":"<p>Que o ser humano tamb\u00e9m come com os olhos, n\u00f3s j\u00e1 sabemos. Mas essa vontade de comer que a apar\u00eancia dos alimentos provoca n\u00e3o \u00e9 despertada apenas pelo visual do pr\u00f3prio produto. As embalagens tamb\u00e9m t\u00eam um papel fundamental nesse sentido, j\u00e1 que ajudam a valorizar ainda mais o alimento. Na confeitaria, essa import\u00e2ncia da&hellip; <a class=\"more-link\" href=\"https:\/\/www.mago.com.br\/blog\/importancia-da-embalagem\/\">Continue reading <span class=\"screen-reader-text\">Voc\u00ea entende a import\u00e2ncia da embalagem para as confeitarias?<\/span><\/a><\/p>\n","protected":false},"author":1,"featured_media":8673,"comment_status":"open","ping_status":"open","sticky":false,"template":"","format":"standard","meta":{"_acf_changed":false,"footnotes":""},"categories":[5],"tags":[],"class_list":["post-7923","post","type-post","status-publish","format-standard","has-post-thumbnail","hentry","category-confeitaria","entry"],"acf":[],"_links":{"self":[{"href":"https:\/\/www.mago.com.br\/blog\/wp-json\/wp\/v2\/posts\/7923","targetHints":{"allow":["GET"]}}],"collection":[{"href":"https:\/\/www.mago.com.br\/blog\/wp-json\/wp\/v2\/posts"}],"about":[{"href":"https:\/\/www.mago.com.br\/blog\/wp-json\/wp\/v2\/types\/post"}],"author":[{"embeddable":true,"href":"https:\/\/www.mago.com.br\/blog\/wp-json\/wp\/v2\/users\/1"}],"replies":[{"embeddable":true,"href":"https:\/\/www.mago.com.br\/blog\/wp-json\/wp\/v2\/comments?post=7923"}],"version-history":[{"count":6,"href":"https:\/\/www.mago.com.br\/blog\/wp-json\/wp\/v2\/posts\/7923\/revisions"}],"predecessor-version":[{"id":10257,"href":"https:\/\/www.mago.com.br\/blog\/wp-json\/wp\/v2\/posts\/7923\/revisions\/10257"}],"wp:featuredmedia":[{"embeddable":true,"href":"https:\/\/www.mago.com.br\/blog\/wp-json\/wp\/v2\/media\/8673"}],"wp:attachment":[{"href":"https:\/\/www.mago.com.br\/blog\/wp-json\/wp\/v2\/media?parent=7923"}],"wp:term":[{"taxonomy":"category","embeddable":true,"href":"https:\/\/www.mago.com.br\/blog\/wp-json\/wp\/v2\/categories?post=7923"},{"taxonomy":"post_tag","embeddable":true,"href":"https:\/\/www.mago.com.br\/blog\/wp-json\/wp\/v2\/tags?post=7923"}],"curies":[{"name":"wp","href":"https:\/\/api.w.org\/{rel}","templated":true}]}}