{"id":8033,"date":"2021-03-29T12:00:03","date_gmt":"2021-03-29T15:00:03","guid":{"rendered":"https:\/\/www.mago.com.br\/horario-de-producao\/"},"modified":"2021-11-16T10:58:25","modified_gmt":"2021-11-16T13:58:25","slug":"horario-de-producao","status":"publish","type":"post","link":"https:\/\/www.mago.com.br\/blog\/horario-de-producao\/","title":{"rendered":"Hor\u00e1rio de produ\u00e7\u00e3o: como estabelecer para ter tempo para a fam\u00edlia?"},"content":{"rendered":"\n<p class=\"has-link-color wp-elements-26a97a4c1259f3adbc14098fb05ffdde\">O excesso de trabalho tem sido um grande problema da nossa sociedade atual. Muitos profissionais j\u00e1 sofrem de problemas relacionados ao estresse e ansiedade.<\/p>\n\n\n\n<p class=\"has-link-color wp-elements-73dc437096c4ddc6012c0b4a2fc5b1df\">Para os aut\u00f4nomos, pode ser ainda mais desafiador estabelecer um hor\u00e1rio de produ\u00e7\u00e3o ou de trabalho, j\u00e1 que \u00e9 ele mesmo quem define a hora de come\u00e7ar e parar o trabalho. Os confeiteiros, por sua vez, enfrentam mais um problema: as encomendas chegam a qualquer hora do dia e da noite (especialmente agora, com o aumento das <a href=\"http:\/\/www.blog.mago.com.br\/presenca-nas-redes-sociais\/\" target=\"_blank\" rel=\"noreferrer noopener\">vendas on-line<\/a>), al\u00e9m das encomendas para os finais de semana serem comuns.<\/p>\n\n\n\n<p class=\"has-link-color wp-elements-6c69f789433e8ec3d95c011fdaa3fe8f\">Mas \u00e9 essencial para a sa\u00fade f\u00edsica e mental que o profissional consiga tirar um tempo para aproveitar com a fam\u00edlia, longe do trabalho. Al\u00e9m de promover o descanso, esses momentos s\u00e3o fundamentais para estreitar os la\u00e7os com quem se ama.<\/p>\n\n\n\n<p class=\"has-link-color wp-elements-fa4b8bdc864b2a8b58cb46ef3c9d6644\">Se est\u00e1 dif\u00edcil encontrar esse equil\u00edbrio, continue a leitura e veja como organizar o seu hor\u00e1rio de produ\u00e7\u00e3o!<\/p>\n\n\n\n<h2 class=\"wp-block-heading\">Organize o ambiente de trabalho<\/h2>\n\n\n\n<p class=\"has-link-color wp-elements-5df29bd155a25e8266d90b4e8990157e\">Independentemente da \u00e1rea em que atua, todo profissional vai ter mais dificuldade de fazer o seu trabalho se o ambiente n\u00e3o estiver favor\u00e1vel. Uma mesa de escrit\u00f3rio, por exemplo, que esteja com pap\u00e9is espalhados por toda parte vai fazer com que a pessoa perca muito tempo tentando encontrar o que procura ali.<\/p>\n\n\n\n<p class=\"has-link-color wp-elements-5e8c73cb8a63606de29631866e9ab989\">O mesmo acontece com a <a href=\"http:\/\/www.blog.mago.com.br\/cozinha-inteligente\/\" target=\"_blank\" rel=\"noreferrer noopener\">cozinha<\/a> de um confeiteiro: voc\u00ea perde tempo se ficar procurando por utens\u00edlios, embalagens ou lavando pilhas de itens que j\u00e1 deveriam estar organizados. Defina um espa\u00e7o para cada coisa e crie o seu pr\u00f3prio m\u00e9todo de lavar, guardar e organizar sempre que usar. A higiene, claro, tamb\u00e9m agradece.<\/p>\n\n\n\n<h2 class=\"wp-block-heading\">Defina as prioridades<\/h2>\n\n\n\n<p class=\"has-link-color wp-elements-07a9c28f2c65016b854e29738a97d6ff\">Dificilmente vamos conseguir fazer tudo o que precisamos em um dia, seja no trabalho de casa ou na confeitaria. Por isso, estabele\u00e7a prioridades. Vale a pena list\u00e1-las no come\u00e7o do dia, em um quadro, e ir riscando a medida em que as metas v\u00e3o sendo cumpridas.<\/p>\n\n\n\n<p class=\"has-link-color wp-elements-5c965724935978df666bed9fe6e8c0a0\">Repor o estoque, atender \u00e0s encomendas, pagar as contas da semana etc. As prioridades v\u00e3o mudar diariamente, de acordo com a realidade da sua empresa, mas se voc\u00ea for cumprindo uma a uma, sem se afobar, vai conseguir organizar o seu hor\u00e1rio de produ\u00e7\u00e3o.<\/p>\n\n\n\n<h2 class=\"wp-block-heading\">Escolha um hor\u00e1rio para iniciar e terminar o trabalho (e cumpra-os)<\/h2>\n\n\n\n<p class=\"has-link-color wp-elements-2c2ad343709d6130cac87aca8da95421\">Se fosse um empregado de uma empresa, voc\u00ea teria um hor\u00e1rio para entrar e sair, n\u00e3o \u00e9 mesmo? Pois j\u00e1 que voc\u00ea \u00e9 o seu pr\u00f3prio chefe, n\u00e3o seja autorit\u00e1rio e estabele\u00e7a hor\u00e1rios que possa cumprir. Se a agenda aperta no fim de semana, mas \u00e9 tranquila de segunda a quinta, aproveite para passar mais tempo com a fam\u00edlia nesses dias, come\u00e7ando o expediente depois de passar um tempo com os filhos e lev\u00e1-los para a escola, por exemplo.<\/p>\n\n\n\n<h2 class=\"wp-block-heading\">Delegue o que puder<\/h2>\n\n\n\n<p class=\"has-link-color wp-elements-fa3332afedbcda6bd6247857cd9f71db\">Como dissemos, voc\u00ea n\u00e3o vai conseguir fazer tudo o que precisa, mesmo que trabalhe 24 horas por dia. Por isso, confie na sua equipe e delegue as tarefas que puder. Se tem dificuldade em dividir o trabalho, comece aos poucos e invista na <a href=\"http:\/\/www.blog.mago.com.br\/treinamento-de-funcionarios\/\" target=\"_blank\" rel=\"noreferrer noopener\">capacita\u00e7\u00e3o do time<\/a>. Continue supervisionando e deixe claro que est\u00e1 ali para ajudar, se for preciso, mas aproveite o tempo para se dedicar a outros assuntos.<\/p>\n\n\n\n<p class=\"has-link-color wp-elements-d60fc7cb8772b30ddb5d9832d1d2986b\">Por falar em capacita\u00e7\u00e3o, n\u00e3o esque\u00e7a de investir na sua pr\u00f3pria especializa\u00e7\u00e3o. Al\u00e9m de buscar por cursos para estar sempre por dentro das tend\u00eancias da confeitaria, procure por outros especializados em gest\u00e3o, que podem ajudar voc\u00ea a cuidar dos neg\u00f3cios, das <a href=\"http:\/\/www.blog.mago.com.br\/como-fazer-planejamento-financeiro\/\" target=\"_blank\" rel=\"noreferrer noopener\">finan\u00e7as<\/a> e tamb\u00e9m do controle do hor\u00e1rio de produ\u00e7\u00e3o.<\/p>\n\n\n\n<p class=\"has-link-color wp-elements-c4444aa01e0bdadbf88d6df14c754891\">Esperamos que este conte\u00fado ajude voc\u00ea a se organizar e aproveitar mais tempo com a sua fam\u00edlia. Agora, que tal compartilhar o texto em suas redes sociais, para que mais profissionais possam encontrar esse equil\u00edbrio?!<\/p>\n","protected":false},"excerpt":{"rendered":"<p>O excesso de trabalho tem sido um grande problema da nossa sociedade atual. Muitos profissionais j\u00e1 sofrem de problemas relacionados ao estresse e ansiedade. Para os aut\u00f4nomos, pode ser ainda mais desafiador estabelecer um hor\u00e1rio de produ\u00e7\u00e3o ou de trabalho, j\u00e1 que \u00e9 ele mesmo quem define a hora de come\u00e7ar e parar o trabalho.&hellip; <a class=\"more-link\" href=\"https:\/\/www.mago.com.br\/blog\/horario-de-producao\/\">Continue reading <span class=\"screen-reader-text\">Hor\u00e1rio de produ\u00e7\u00e3o: como estabelecer para ter tempo para a fam\u00edlia?<\/span><\/a><\/p>\n","protected":false},"author":1,"featured_media":8983,"comment_status":"open","ping_status":"open","sticky":false,"template":"","format":"standard","meta":{"_acf_changed":false,"footnotes":""},"categories":[3],"tags":[],"class_list":["post-8033","post","type-post","status-publish","format-standard","has-post-thumbnail","hentry","category-empreendedorismo","entry"],"acf":[],"_links":{"self":[{"href":"https:\/\/www.mago.com.br\/blog\/wp-json\/wp\/v2\/posts\/8033","targetHints":{"allow":["GET"]}}],"collection":[{"href":"https:\/\/www.mago.com.br\/blog\/wp-json\/wp\/v2\/posts"}],"about":[{"href":"https:\/\/www.mago.com.br\/blog\/wp-json\/wp\/v2\/types\/post"}],"author":[{"embeddable":true,"href":"https:\/\/www.mago.com.br\/blog\/wp-json\/wp\/v2\/users\/1"}],"replies":[{"embeddable":true,"href":"https:\/\/www.mago.com.br\/blog\/wp-json\/wp\/v2\/comments?post=8033"}],"version-history":[{"count":1,"href":"https:\/\/www.mago.com.br\/blog\/wp-json\/wp\/v2\/posts\/8033\/revisions"}],"predecessor-version":[{"id":8985,"href":"https:\/\/www.mago.com.br\/blog\/wp-json\/wp\/v2\/posts\/8033\/revisions\/8985"}],"wp:featuredmedia":[{"embeddable":true,"href":"https:\/\/www.mago.com.br\/blog\/wp-json\/wp\/v2\/media\/8983"}],"wp:attachment":[{"href":"https:\/\/www.mago.com.br\/blog\/wp-json\/wp\/v2\/media?parent=8033"}],"wp:term":[{"taxonomy":"category","embeddable":true,"href":"https:\/\/www.mago.com.br\/blog\/wp-json\/wp\/v2\/categories?post=8033"},{"taxonomy":"post_tag","embeddable":true,"href":"https:\/\/www.mago.com.br\/blog\/wp-json\/wp\/v2\/tags?post=8033"}],"curies":[{"name":"wp","href":"https:\/\/api.w.org\/{rel}","templated":true}]}}