{"id":8205,"date":"2021-06-18T12:30:05","date_gmt":"2021-06-18T15:30:05","guid":{"rendered":"https:\/\/www.mago.com.br\/pos-pandemia\/"},"modified":"2022-02-21T14:00:41","modified_gmt":"2022-02-21T17:00:41","slug":"pos-pandemia","status":"publish","type":"post","link":"https:\/\/www.mago.com.br\/blog\/pos-pandemia\/","title":{"rendered":"P\u00f3s-pandemia: li\u00e7\u00f5es que podem ser aplicadas ao longos dos pr\u00f3ximos anos!"},"content":{"rendered":"\n<p class=\"has-link-color wp-elements-4bb00ab5e61820ce75ad380f4e0c5991\">Mesmo depois da pandemia de coronav\u00edrus, iniciada em 2020 no Brasil, muitas li\u00e7\u00f5es ficar\u00e3o para sempre, tanto no dia a dia das pessoas quanto nos fluxos das empresas. Ainda que seja cedo para prever como ser\u00e3o os cen\u00e1rios, j\u00e1 \u00e9 poss\u00edvel afirmar que <strong>a tecnologia vai ajudar ainda mais no mundo p\u00f3s-pandemia<\/strong>, transformando desde a forma de se comunicar e trabalhar at\u00e9 a maneira como consumimos.<\/p>\n\n\n\n<p class=\"has-link-color wp-elements-1314ae7bcf4dc1ffd0bf6cf8a24c0e6e\">O chamado novo normal, que provavelmente ainda vai durar um bom tempo, tamb\u00e9m exige medidas de higiene mais rigorosas. A flexibilidade nas empresas deve continuar, e vai transformar alguns setores por completo \u2014 com as tecnologias fazendo cada vez mais parte da rotina no ensino \u00e0 dist\u00e2ncia, nas vendas online e em diversas outras realidades.<\/p>\n\n\n\n<p class=\"has-link-color wp-elements-6db98f638ed4e7e2a8ca45e6ca7e86ac\">Mas, afinal, o que aprendemos com a pandemia, que poderemos aplicar nos pr\u00f3ximos anos? Como a profiss\u00e3o de confeiteiro se reinventou e vai sobreviver nesse cen\u00e1rio? Confira, nesta leitura!<\/p>\n\n\n\n<h2 class=\"wp-block-heading\" id=\"o-trabalho-no-pos-pandemia\">O trabalho no p\u00f3s-pandemia<\/h2>\n\n\n\n<p class=\"has-link-color wp-elements-9069e790949035d644f80dcef92ae8b9\">Com a populariza\u00e7\u00e3o (e a necessidade) dos<strong> <a href=\"https:\/\/blog.mago.com.br\/confeitaria-online\/\">recursos tecnol\u00f3gicos<\/a><\/strong>, \u00e9 fato que as profiss\u00f5es ligadas a esse setor tendem a <strong>manter o crescimento nos pr\u00f3ximos anos<\/strong>. Mas vale a pena ressaltar um novo grupo de profissionais que surgiu durante a pandemia: aquele formado por pessoas atingidas pelo desemprego ou pela diminui\u00e7\u00e3o na renda, e que tiveram que buscar outras oportunidades.<\/p>\n\n\n\n<p class=\"has-link-color wp-elements-191d828c55aacb724ad186534946628a\">Durante os \u00faltimos meses, vimos com frequ\u00eancia novos empreendedores surgindo em todos os setores, e ganhando dinheiro com m\u00e1scaras de pano, entrega de alimentos, treinamentos f\u00edsicos virtuais e muito mais.<\/p>\n\n\n\n<h2 class=\"wp-block-heading\" id=\"a-profissao-de-confeiteiro\">A profiss\u00e3o de confeiteiro<\/h2>\n\n\n\n<p class=\"has-link-color wp-elements-6108cd1d03988fa54d6f4d0cc08affe5\">Entre esses novos empreendedores, certamente, n\u00e3o podemos deixar de citar as pessoas que transformaram as suas vidas com a venda de alimentos \u2014 seja na culin\u00e1ria, seja na confeitaria.<\/p>\n\n\n\n<p class=\"has-link-color wp-elements-72d9a0831a18d57ca0cd450ba10dd919\">Enquanto muitos novos profissionais surgiram nessa \u00e1rea, outros tiveram que se reinventar e encontraram um p\u00fablico bastante interessado no assunto, tanto para consumir quanto para aprender a fazer. Quem n\u00e3o tentou fazer um p\u00e3o, um bolo ou um p\u00e3o de queijo nessa pandemia, sem nunca ter tido intimidade com a cozinha, que atire o primeiro ovo!<\/p>\n\n\n\n<p class=\"has-link-color wp-elements-0a06cbaa6ee604a1d613b56620ff5a49\">Brincadeiras \u00e0 parte, a crise de 2020 mostrou que <strong>a profiss\u00e3o de confeiteiro n\u00e3o \u00e9 tempor\u00e1ria<\/strong>. Se houver dedica\u00e7\u00e3o e<strong> <a href=\"https:\/\/blog.mago.com.br\/cursos-de-confeitaria\/\">atualiza\u00e7\u00e3o constante<\/a><\/strong>, \u00e9 poss\u00edvel, sim, se estabelecer e ter \u00f3timos ganhos.<\/p>\n\n\n\n<p class=\"has-link-color wp-elements-cfe6f625480e602080f2b938504fc2b8\">Muitos chefs confeiteiros tiveram, por exemplo, que fechar as suas lojas e desbravar o universo das vendas online (em lojas virtuais ou nas<strong> <a href=\"https:\/\/blog.mago.com.br\/presenca-nas-redes-sociais\/\">redes sociais<\/a><\/strong>). Outros, precisaram adaptar os seus produtos, como aqueles que produziam bolos e doces para eventos.<\/p>\n\n\n\n<p class=\"has-link-color wp-elements-d358c428eb86970758afb84b6b5701aa\">Todos foram levados a<strong> <a href=\"https:\/\/blog.mago.com.br\/como-lidar-com-a-concorrencia\/\">lidar com uma concorr\u00eancia maior<\/a><\/strong>. Afinal, muitos dos novos empreendedores se dedicaram \u00e0 produ\u00e7\u00e3o de p\u00e3es, bolos caseiros e outras guloseimas para garantir a renda.<\/p>\n\n\n\n<p class=\"has-link-color wp-elements-1f71d07ca215c9b67ebfdcc1a6836074\">Em um cen\u00e1rio ap\u00f3s a Covid-19, ser\u00e1 preciso continuar apostando em comodidade para os clientes. Entre elas, as vendas online e o <em>delivery<\/em>, mas sem abrir m\u00e3o de <strong>qualidade e constante inova\u00e7\u00e3o<\/strong>, n\u00e3o apenas nos ingredientes e no resultado final, mas em todo o processo.<\/p>\n\n\n\n<p class=\"has-link-color wp-elements-f2093c2236e8a86f21dde10125b2e93d\">Por fim, contar com bons parceiros tamb\u00e9m continuar\u00e1 sendo essencial <strong>p\u00f3s-pandemia<\/strong> \u2014 e a Mago vai estar sempre ao seu lado. Com mais de 30 anos de mercado, a nossa empresa produz uma extensa linha de produtos para confeitaria e oferece uma loja online com tudo o que \u00e9 tend\u00eancia no setor, pelo melhor custo-benef\u00edcio.<\/p>\n\n\n\n<p class=\"has-link-color wp-elements-3e0f459f733056f5ebbb9513f3e1bb99\"><a rel=\"noopener\" href=\"https:\/\/www.mago.com.br\/contato\/\" target=\"_blank\"><strong>Entre com contato com a nossa equipe<\/strong><\/a> e veja como a Mago pode ajudar voc\u00ea em qualquer situa\u00e7\u00e3o!<\/p>\n","protected":false},"excerpt":{"rendered":"<p>Mesmo depois da pandemia de coronav\u00edrus, iniciada em 2020 no Brasil, muitas li\u00e7\u00f5es ficar\u00e3o para sempre, tanto no dia a dia das pessoas quanto nos fluxos das empresas. Ainda que seja cedo para prever como ser\u00e3o os cen\u00e1rios, j\u00e1 \u00e9 poss\u00edvel afirmar que a tecnologia vai ajudar ainda mais no mundo p\u00f3s-pandemia, transformando desde a&hellip; <a class=\"more-link\" href=\"https:\/\/www.mago.com.br\/blog\/pos-pandemia\/\">Continue reading <span class=\"screen-reader-text\">P\u00f3s-pandemia: li\u00e7\u00f5es que podem ser aplicadas ao longos dos pr\u00f3ximos anos!<\/span><\/a><\/p>\n","protected":false},"author":1,"featured_media":8942,"comment_status":"open","ping_status":"open","sticky":false,"template":"","format":"standard","meta":{"_acf_changed":false,"footnotes":""},"categories":[3],"tags":[],"class_list":["post-8205","post","type-post","status-publish","format-standard","has-post-thumbnail","hentry","category-empreendedorismo","entry"],"acf":[],"_links":{"self":[{"href":"https:\/\/www.mago.com.br\/blog\/wp-json\/wp\/v2\/posts\/8205","targetHints":{"allow":["GET"]}}],"collection":[{"href":"https:\/\/www.mago.com.br\/blog\/wp-json\/wp\/v2\/posts"}],"about":[{"href":"https:\/\/www.mago.com.br\/blog\/wp-json\/wp\/v2\/types\/post"}],"author":[{"embeddable":true,"href":"https:\/\/www.mago.com.br\/blog\/wp-json\/wp\/v2\/users\/1"}],"replies":[{"embeddable":true,"href":"https:\/\/www.mago.com.br\/blog\/wp-json\/wp\/v2\/comments?post=8205"}],"version-history":[{"count":3,"href":"https:\/\/www.mago.com.br\/blog\/wp-json\/wp\/v2\/posts\/8205\/revisions"}],"predecessor-version":[{"id":10398,"href":"https:\/\/www.mago.com.br\/blog\/wp-json\/wp\/v2\/posts\/8205\/revisions\/10398"}],"wp:featuredmedia":[{"embeddable":true,"href":"https:\/\/www.mago.com.br\/blog\/wp-json\/wp\/v2\/media\/8942"}],"wp:attachment":[{"href":"https:\/\/www.mago.com.br\/blog\/wp-json\/wp\/v2\/media?parent=8205"}],"wp:term":[{"taxonomy":"category","embeddable":true,"href":"https:\/\/www.mago.com.br\/blog\/wp-json\/wp\/v2\/categories?post=8205"},{"taxonomy":"post_tag","embeddable":true,"href":"https:\/\/www.mago.com.br\/blog\/wp-json\/wp\/v2\/tags?post=8205"}],"curies":[{"name":"wp","href":"https:\/\/api.w.org\/{rel}","templated":true}]}}