{"id":8428,"date":"2021-09-27T09:00:03","date_gmt":"2021-09-27T12:00:03","guid":{"rendered":"https:\/\/www.mago.com.br\/confeitaria-saudavel\/"},"modified":"2022-02-18T15:24:34","modified_gmt":"2022-02-18T18:24:34","slug":"confeitaria-saudavel","status":"publish","type":"post","link":"https:\/\/www.mago.com.br\/blog\/confeitaria-saudavel\/","title":{"rendered":"Contas, como funciona a confeitaria saud\u00e1vel? \u00c9 poss\u00edvel?"},"content":{"rendered":"\n<p class=\"has-link-color wp-elements-4fe142f7366e5df467d6dcfe6592612f\">A primeira coisa que pensamos quando lemos a palavra confeitaria \u00e9 em algo que \u00e9 muito gostoso, doce e prazeroso. Ao mesmo tempo, vem tamb\u00e9m a ideia de que n\u00e3o devemos comer doces e quitutes exageradamente, pois em excesso esses alimentos s\u00e3o prejudiciais \u00e0 sa\u00fade. Mas ser\u00e1 mesmo?<\/p>\n\n\n\n<p class=\"has-link-color wp-elements-53d70bdb7a188fe1bcb7accb61030811\">A preocupa\u00e7\u00e3o com a sa\u00fade tem sido tema muito discutido em diversos setores, tanto no profissional, quanto na vida pessoal do ser humano. No mercado de confeitaria, <a href=\"https:\/\/blog.mago.com.br\/como-fazer-doces-fitness-para-vender\/\"><strong>a culin\u00e1ria saud\u00e1vel se tornou tend\u00eancia<\/strong><\/a> e mostra que tem muito espa\u00e7o para conquistar novos adeptos.<\/p>\n\n\n\n<p class=\"has-link-color wp-elements-74454ce4362ea98a2db14da80eb0181f\">Existem formas diferentes de introduzir a culin\u00e1ria saud\u00e1vel na confeitaria e ao contr\u00e1rio do que as pessoas pensam, \u00e9 poss\u00edvel unir essas duas vertentes. Entenda um pouco mais desse processo!<\/p>\n\n\n\n<h2 class=\"wp-block-heading\" id=\"como-fazer-uma-confeitaria-saudavel\">Como fazer uma confeitaria saud\u00e1vel?<\/h2>\n\n\n\n<p class=\"has-link-color wp-elements-9695af47ea9f60df24ffbb3da50bac63\">O conhecimento sobre ingredientes alternativos e suas propriedades nutritivas ajuda muito na substitui\u00e7\u00e3o por outros, considerados menos saud\u00e1veis. Mas, h\u00e1 tamb\u00e9m alguns passos simples, que podem deixar a receita mais saud\u00e1vel. Por exemplo:<\/p>\n\n\n\n<h3 class=\"wp-block-heading\" id=\"substituicao-do-acucar\">Substitui\u00e7\u00e3o do a\u00e7\u00facar<\/h3>\n\n\n\n<p class=\"has-link-color wp-elements-eb7dcb7b99ff696ba2d87eb0147b9908\">Apesar de ajudar a produzir uma confeitaria atraente e saborosa, o a\u00e7\u00facar \u00e9 o vil\u00e3o n\u00famero um para as pessoas que apresentam sobrepeso ou diabetes.<\/p>\n\n\n\n<p class=\"has-link-color wp-elements-f230b57604a3e75793b17d1bd40a4153\">Como ingrediente alternativo, o mel \u00e9 um aliado nas receitas e ainda auxiliar no sistema imunol\u00f3gico, \u00e9 diur\u00e9tico e contribui para a hidrata\u00e7\u00e3o.<\/p>\n\n\n\n<p class=\"has-link-color wp-elements-14a778956fd4fa939fb46aed6ea3433e\">Outra alternativa \u00e9 o a\u00e7\u00facar natural presente em frutas, que s\u00e3o mais saud\u00e1veis. Pode-se tamb\u00e9m optar pelo uso de ado\u00e7antes como xilitol e stevia para reduzir a quantidade de a\u00e7\u00facar branco. \u00c9 importante, no entanto, que a quantidade de todos os ingredientes citados seja moderada.<\/p>\n\n\n\n<h3 class=\"wp-block-heading\" id=\"substituicao-da-farinha-de-trigo\">Substitui\u00e7\u00e3o da farinha de trigo<\/h3>\n\n\n\n<p class=\"has-link-color wp-elements-87e9889e3fdc9317ee92d68047a3ccb1\">A farinha de trigo \u00e9 o ingrediente mais usado na panifica\u00e7\u00e3o e confeitaria e \u00e9 a favorita pela consist\u00eancia e maciez que d\u00e1 nos produtos da confeitaria.&nbsp;<\/p>\n\n\n\n<p class=\"has-link-color wp-elements-06710fdabd194f592add681aa7aff819\">Como alternativa, temos uma infinidade de farinhas que fazem uma substitui\u00e7\u00e3o adequada e saud\u00e1vel, podendo ser \u00e0 base de cereais como as farinhas de arroz, am\u00eandoa, chia, gr\u00e3o de bico e aveia, ou at\u00e9 \u00e0 base de frutas, como banana verde, maracuj\u00e1 e c\u00f4co.<\/p>\n\n\n\n<p class=\"has-link-color wp-elements-d42f89098fd472edd32b40107feaadb6\">As farinhas \u00e0 base de frutas possuem a vantagem de n\u00e3o possuir gl\u00faten, restri\u00e7\u00e3o especial para pessoas que possuem doen\u00e7a cel\u00edaca.<\/p>\n\n\n\n<h3 class=\"wp-block-heading\" id=\"adicao-de-castanhas-e-frutas\">Adi\u00e7\u00e3o de castanhas e frutas<\/h3>\n\n\n\n<p class=\"has-link-color wp-elements-46dde0456537199d7f35821feef63a59\">Como j\u00e1 foi mencionado, a adi\u00e7\u00e3o de frutas ajuda inclusive na substitui\u00e7\u00e3o do a\u00e7\u00facar tradicional, mas n\u00e3o se restringe a isso.&nbsp;<\/p>\n\n\n\n<p class=\"has-link-color wp-elements-e7dabe16bdeb47c75d54b06d968fe359\">Adicionar castanhas e frutas (e at\u00e9 alguns tipos de folhas, como a couve) confere um valor nutricional maior ao produto, fazendo com que ele n\u00e3o tenha apenas calorias vazias, mas possa ser uma fonte de vitaminas e sais minerais necess\u00e1rios para a manuten\u00e7\u00e3o da sa\u00fade corporal.<\/p>\n\n\n\n<h3 class=\"wp-block-heading\" id=\"substituicao-do-oleo\">Substitui\u00e7\u00e3o do \u00f3leo<\/h3>\n\n\n\n<p class=\"has-link-color wp-elements-232bdfa91b5933ce6ab1137256a2de5b\">O \u00f3leo \u00e9 muito usado na confec\u00e7\u00e3o de bolos por dar maciez \u00e0 massa. Mas assim como a farinha, existem alternativas ao \u00f3leo tradicional de soja.&nbsp;<\/p>\n\n\n\n<p class=\"has-link-color wp-elements-6bdb7cb74d4b02f0b8e1638197306572\">Uma das op\u00e7\u00f5es mais famosas e queridinhas pelo p\u00fablico ligado \u00e0 sa\u00fade \u00e9 o \u00f3leo de c\u00f4co. Ele pode ser usado principalmente em doces por ter o sabor de c\u00f4co que confere um toque a mais aos produtos da confeitaria. Outra alternativa \u00e9 o \u00f3leo de linha\u00e7a, e caso o objetivo seja cortar o \u00f3leo, a adi\u00e7\u00e3o de iogurte ou clara em neve pode ajudar a fazer a massa ficar macia.<\/p>\n\n\n\n<p class=\"has-link-color wp-elements-28b6b10b2ca8b87cde100b5cfce76f82\">Estamos num momento em que a sociedade est\u00e1 prezando muito o cuidado com a sa\u00fade, e investir na confeitaria saud\u00e1vel \u00e9 uma forma de se adaptar ao mercado, que est\u00e1 cada vez mais atento \u00e0s tend\u00eancias. Esse movimento de cuidado com o corpo faz com que a confeitaria se adapte e inclusive encontre novos nichos de produ\u00e7\u00e3o e <strong><a href=\"https:\/\/blog.mago.com.br\/como-vender-mais\/\">aumento de vendas<\/a><\/strong><a rel=\"noreferrer noopener\" href=\"http:\/\/www.blog.mago.com.br\/como-vender-mais\/\" target=\"_blank\">.<\/a><\/p>\n\n\n\n<p class=\"has-link-color wp-elements-76ece0055324088f79857a2a9b93fffa\">Gostou das dicas sobre como fazer com que a confeitaria fique mais saud\u00e1vel? Confira tamb\u00e9m nosso<strong> <a href=\"https:\/\/blog.mago.com.br\/confeitaria-funcional\/\">post sobre confeitaria funcional<\/a><\/strong><a rel=\"noreferrer noopener\" href=\"http:\/\/www.blog.mago.com.br\/confeitaria-funcional\/\" target=\"_blank\"> <\/a>para mais dicas!<\/p>\n","protected":false},"excerpt":{"rendered":"<p>A primeira coisa que pensamos quando lemos a palavra confeitaria \u00e9 em algo que \u00e9 muito gostoso, doce e prazeroso. Ao mesmo tempo, vem tamb\u00e9m a ideia de que n\u00e3o devemos comer doces e quitutes exageradamente, pois em excesso esses alimentos s\u00e3o prejudiciais \u00e0 sa\u00fade. Mas ser\u00e1 mesmo? A preocupa\u00e7\u00e3o com a sa\u00fade tem sido&hellip; <a class=\"more-link\" href=\"https:\/\/www.mago.com.br\/blog\/confeitaria-saudavel\/\">Continue reading <span class=\"screen-reader-text\">Contas, como funciona a confeitaria saud\u00e1vel? \u00c9 poss\u00edvel?<\/span><\/a><\/p>\n","protected":false},"author":1,"featured_media":8908,"comment_status":"open","ping_status":"open","sticky":false,"template":"","format":"standard","meta":{"_acf_changed":false,"footnotes":""},"categories":[3],"tags":[],"class_list":["post-8428","post","type-post","status-publish","format-standard","has-post-thumbnail","hentry","category-empreendedorismo","entry"],"acf":[],"_links":{"self":[{"href":"https:\/\/www.mago.com.br\/blog\/wp-json\/wp\/v2\/posts\/8428","targetHints":{"allow":["GET"]}}],"collection":[{"href":"https:\/\/www.mago.com.br\/blog\/wp-json\/wp\/v2\/posts"}],"about":[{"href":"https:\/\/www.mago.com.br\/blog\/wp-json\/wp\/v2\/types\/post"}],"author":[{"embeddable":true,"href":"https:\/\/www.mago.com.br\/blog\/wp-json\/wp\/v2\/users\/1"}],"replies":[{"embeddable":true,"href":"https:\/\/www.mago.com.br\/blog\/wp-json\/wp\/v2\/comments?post=8428"}],"version-history":[{"count":3,"href":"https:\/\/www.mago.com.br\/blog\/wp-json\/wp\/v2\/posts\/8428\/revisions"}],"predecessor-version":[{"id":10183,"href":"https:\/\/www.mago.com.br\/blog\/wp-json\/wp\/v2\/posts\/8428\/revisions\/10183"}],"wp:featuredmedia":[{"embeddable":true,"href":"https:\/\/www.mago.com.br\/blog\/wp-json\/wp\/v2\/media\/8908"}],"wp:attachment":[{"href":"https:\/\/www.mago.com.br\/blog\/wp-json\/wp\/v2\/media?parent=8428"}],"wp:term":[{"taxonomy":"category","embeddable":true,"href":"https:\/\/www.mago.com.br\/blog\/wp-json\/wp\/v2\/categories?post=8428"},{"taxonomy":"post_tag","embeddable":true,"href":"https:\/\/www.mago.com.br\/blog\/wp-json\/wp\/v2\/tags?post=8428"}],"curies":[{"name":"wp","href":"https:\/\/api.w.org\/{rel}","templated":true}]}}